{"id":1011,"date":"2016-09-04T09:08:44","date_gmt":"2016-09-04T07:08:44","guid":{"rendered":"http:\/\/www.javorszky.hu\/wordpress\/?p=1011"},"modified":"2016-10-03T14:34:07","modified_gmt":"2016-10-03T12:34:07","slug":"vacon-is-tekertek-a-gyermekekert","status":"publish","type":"post","link":"http:\/\/www.javorszky.hu\/wordpress\/?p=1011","title":{"rendered":"10 000 l\u00e9p\u00e9s \u00e9rted \u00e9s \u00e9rt\u00fck"},"content":{"rendered":"<p style=\"text-align: justify;\"><strong><em>2015.09.04<\/em><br \/>\nK\u00f6sz\u00f6nj\u00fck mindenkinek, aki vas\u00e1rnap vel\u00fcnk tartott \u00e9s megtette a 10 000 l\u00e9p\u00e9st \u00e9rted \u00e9s \u00e9rt\u00fck! K\u00f6sz\u00f6nj\u00fck, hogy p\u00e9ldamutat\u00e1ssal egy\u00fctt h\u00edvhattuk fel a figyelmet az eg\u00e9szs\u00e9ges \u00e9letm\u00f3d fontoss\u00e1g\u00e1ra! A regisztr\u00e1ci\u00f3s d\u00edjb\u00f3l befolyt \u00f6sszeget a s\u00fcrg\u0151ss\u00e9gi gyermekell\u00e1t\u00e1st seg\u00edt\u0151 gyermek-v\u00e9rnyom\u00e1sm\u00e9r\u0151k \u00e9s \u00e9rint\u00e9sn\u00e9lk\u00fcli h\u0151m\u00e9r\u0151k v\u00e1s\u00e1rl\u00e1s\u00e1ra ford\u00edtja majd a k\u00f3rh\u00e1z.<\/strong><\/p>\n<p style=\"text-align: justify;\"><strong><a href=\"http:\/\/www.javorszky.hu\/wordpress\/wp-content\/uploads\/2016\/04\/csekk.jpg\"><img loading=\"lazy\" class=\"alignnone  wp-image-1061\" src=\"http:\/\/www.javorszky.hu\/wordpress\/wp-content\/uploads\/2016\/04\/csekk.jpg\" alt=\"csekk\" width=\"437\" height=\"291\" srcset=\"http:\/\/www.javorszky.hu\/wordpress\/wp-content\/uploads\/2016\/04\/csekk.jpg 2048w, http:\/\/www.javorszky.hu\/wordpress\/wp-content\/uploads\/2016\/04\/csekk-300x200.jpg 300w, http:\/\/www.javorszky.hu\/wordpress\/wp-content\/uploads\/2016\/04\/csekk-1024x683.jpg 1024w\" sizes=\"(max-width: 437px) 100vw, 437px\" \/><\/a><a href=\"http:\/\/www.javorszky.hu\/wordpress\/wp-content\/uploads\/2016\/04\/csoportk\u00e9p.jpg\"><img loading=\"lazy\" class=\"alignnone  wp-image-1062\" src=\"http:\/\/www.javorszky.hu\/wordpress\/wp-content\/uploads\/2016\/04\/csoportk\u00e9p.jpg\" alt=\"csoportk\u00e9p\" width=\"440\" height=\"293\" \/><\/a><a href=\"http:\/\/www.javorszky.hu\/wordpress\/wp-content\/uploads\/2016\/04\/s\u00e9ta-a-s\u00e9t\u00e1nyon.jpg\"><img loading=\"lazy\" class=\"alignnone  wp-image-1063\" src=\"http:\/\/www.javorszky.hu\/wordpress\/wp-content\/uploads\/2016\/04\/s\u00e9ta-a-s\u00e9t\u00e1nyon.jpg\" alt=\"s\u00e9ta a s\u00e9t\u00e1nyon\" width=\"436\" height=\"290\" \/><\/a><a href=\"http:\/\/www.javorszky.hu\/wordpress\/wp-content\/uploads\/2016\/08\/10000lepes.png\"><br \/>\n<\/a><\/strong><\/p>\n","protected":false},"excerpt":{"rendered":"<p>2015.09.04 K\u00f6sz\u00f6nj\u00fck mindenkinek, aki vas\u00e1rnap vel\u00fcnk tartott \u00e9s megtette a 10 000 l\u00e9p\u00e9st \u00e9rted \u00e9s \u00e9rt\u00fck! K\u00f6sz\u00f6nj\u00fck, hogy p\u00e9ldamutat\u00e1ssal egy\u00fctt h\u00edvhattuk fel a figyelmet az eg\u00e9szs\u00e9ges \u00e9letm\u00f3d fontoss\u00e1g\u00e1ra! A regisztr\u00e1ci\u00f3s d\u00edjb\u00f3l befolyt \u00f6sszeget a s\u00fcrg\u0151ss\u00e9gi gyermekell\u00e1t\u00e1st seg\u00edt\u0151 gyermek-v\u00e9rnyom\u00e1sm\u00e9r\u0151k \u00e9s \u00e9rint\u00e9sn\u00e9lk\u00fcli h\u0151m\u00e9r\u0151k v\u00e1s\u00e1rl\u00e1s\u00e1ra ford\u00edtja majd a k\u00f3rh\u00e1z.<\/p>\n","protected":false},"author":1,"featured_media":0,"comment_status":"closed","ping_status":"closed","sticky":false,"template":"","format":"standard","meta":[],"categories":[4],"tags":[],"_links":{"self":[{"href":"http:\/\/www.javorszky.hu\/wordpress\/index.php?rest_route=\/wp\/v2\/posts\/1011"}],"collection":[{"href":"http:\/\/www.javorszky.hu\/wordpress\/index.php?rest_route=\/wp\/v2\/posts"}],"about":[{"href":"http:\/\/www.javorszky.hu\/wordpress\/index.php?rest_route=\/wp\/v2\/types\/post"}],"author":[{"embeddable":true,"href":"http:\/\/www.javorszky.hu\/wordpress\/index.php?rest_route=\/wp\/v2\/users\/1"}],"replies":[{"embeddable":true,"href":"http:\/\/www.javorszky.hu\/wordpress\/index.php?rest_route=%2Fwp%2Fv2%2Fcomments&post=1011"}],"version-history":[{"count":29,"href":"http:\/\/www.javorszky.hu\/wordpress\/index.php?rest_route=\/wp\/v2\/posts\/1011\/revisions"}],"predecessor-version":[{"id":1162,"href":"http:\/\/www.javorszky.hu\/wordpress\/index.php?rest_route=\/wp\/v2\/posts\/1011\/revisions\/1162"}],"wp:attachment":[{"href":"http:\/\/www.javorszky.hu\/wordpress\/index.php?rest_route=%2Fwp%2Fv2%2Fmedia&parent=1011"}],"wp:term":[{"taxonomy":"category","embeddable":true,"href":"http:\/\/www.javorszky.hu\/wordpress\/index.php?rest_route=%2Fwp%2Fv2%2Fcategories&post=1011"},{"taxonomy":"post_tag","embeddable":true,"href":"http:\/\/www.javorszky.hu\/wordpress\/index.php?rest_route=%2Fwp%2Fv2%2Ftags&post=1011"}],"curies":[{"name":"wp","href":"https:\/\/api.w.org\/{rel}","templated":true}]}}