{"id":1099,"date":"2015-12-22T15:55:51","date_gmt":"2015-12-22T14:55:51","guid":{"rendered":"http:\/\/www.javorszky.hu\/wordpress\/?p=1099"},"modified":"2016-10-03T14:07:09","modified_gmt":"2016-10-03T12:07:09","slug":"karacsonyi-ajandek-a-vac-online-szerkesztosegetol","status":"publish","type":"post","link":"http:\/\/www.javorszky.hu\/wordpress\/?p=1099","title":{"rendered":"Kar\u00e1csonyi aj\u00e1nd\u00e9k a V\u00e1c Online szerkeszt\u0151s\u00e9g\u00e9t\u0151l"},"content":{"rendered":"<p>A V\u00e1c Online region\u00e1lis h\u00edrport\u00e1l szerkeszt\u0151s\u00e9g\u00e9nek szervez\u00e9s\u00e9ben 2015. december 22-\u00e9n, egy <strong>j\u00f3t\u00e9konys\u00e1gi akci\u00f3 keretein bel\u00fcl, celebek l\u00e1togatt\u00e1k meg a Csecsem\u0151-\u00e9s Gyermekoszt\u00e1lyt.<\/strong> Az imm\u00e1ron \u00f6t\u00f6dik alkalommal megrendez\u00e9sre ker\u00fcl\u0151 esem\u00e9nyen, azokat a gyermekeket aj\u00e1nd\u00e9kozt\u00e1k meg, akik a kar\u00e1csonyi \u00fcnnepeket betegs\u00e9g\u00fck miatt k\u00e9nytelenek voltak a k\u00f3rh\u00e1zban t\u00f6lteni. Az akci\u00f3t a n\u00e9pszer\u0171 dj-ken k\u00edv\u00fcl, a v\u00e1ci Tesco \u00c1ruh\u00e1z t\u00e1mogatta.<\/p>\n<p>&nbsp;<\/p>\n","protected":false},"excerpt":{"rendered":"<p>A V\u00e1c Online region\u00e1lis h\u00edrport\u00e1l szerkeszt\u0151s\u00e9g\u00e9nek szervez\u00e9s\u00e9ben 2015. december 22-\u00e9n, egy j\u00f3t\u00e9konys\u00e1gi akci\u00f3 keretein bel\u00fcl, celebek l\u00e1togatt\u00e1k meg a Csecsem\u0151-\u00e9s Gyermekoszt\u00e1lyt. Az imm\u00e1ron \u00f6t\u00f6dik alkalommal megrendez\u00e9sre ker\u00fcl\u0151 esem\u00e9nyen, azokat a gyermekeket aj\u00e1nd\u00e9kozt\u00e1k meg, akik a kar\u00e1csonyi \u00fcnnepeket betegs\u00e9g\u00fck miatt k\u00e9nytelenek voltak a k\u00f3rh\u00e1zban t\u00f6lteni. Az akci\u00f3t a n\u00e9pszer\u0171 dj-ken k\u00edv\u00fcl, a v\u00e1ci Tesco \u00c1ruh\u00e1z t\u00e1mogatta. [&hellip;]<\/p>\n","protected":false},"author":1,"featured_media":0,"comment_status":"closed","ping_status":"closed","sticky":false,"template":"","format":"standard","meta":[],"categories":[1],"tags":[],"_links":{"self":[{"href":"http:\/\/www.javorszky.hu\/wordpress\/index.php?rest_route=\/wp\/v2\/posts\/1099"}],"collection":[{"href":"http:\/\/www.javorszky.hu\/wordpress\/index.php?rest_route=\/wp\/v2\/posts"}],"about":[{"href":"http:\/\/www.javorszky.hu\/wordpress\/index.php?rest_route=\/wp\/v2\/types\/post"}],"author":[{"embeddable":true,"href":"http:\/\/www.javorszky.hu\/wordpress\/index.php?rest_route=\/wp\/v2\/users\/1"}],"replies":[{"embeddable":true,"href":"http:\/\/www.javorszky.hu\/wordpress\/index.php?rest_route=%2Fwp%2Fv2%2Fcomments&post=1099"}],"version-history":[{"count":1,"href":"http:\/\/www.javorszky.hu\/wordpress\/index.php?rest_route=\/wp\/v2\/posts\/1099\/revisions"}],"predecessor-version":[{"id":1100,"href":"http:\/\/www.javorszky.hu\/wordpress\/index.php?rest_route=\/wp\/v2\/posts\/1099\/revisions\/1100"}],"wp:attachment":[{"href":"http:\/\/www.javorszky.hu\/wordpress\/index.php?rest_route=%2Fwp%2Fv2%2Fmedia&parent=1099"}],"wp:term":[{"taxonomy":"category","embeddable":true,"href":"http:\/\/www.javorszky.hu\/wordpress\/index.php?rest_route=%2Fwp%2Fv2%2Fcategories&post=1099"},{"taxonomy":"post_tag","embeddable":true,"href":"http:\/\/www.javorszky.hu\/wordpress\/index.php?rest_route=%2Fwp%2Fv2%2Ftags&post=1099"}],"curies":[{"name":"wp","href":"https:\/\/api.w.org\/{rel}","templated":true}]}}