{"id":1131,"date":"2016-01-13T13:51:38","date_gmt":"2016-01-13T12:51:38","guid":{"rendered":"http:\/\/www.javorszky.hu\/wordpress\/?p=1131"},"modified":"2016-10-03T14:06:58","modified_gmt":"2016-10-03T12:06:58","slug":"eszkozatadas-a-sebeszeti-osztaly-reszere","status":"publish","type":"post","link":"http:\/\/www.javorszky.hu\/wordpress\/?p=1131","title":{"rendered":"Eszk\u00f6z\u00e1tad\u00e1s a Seb\u00e9szeti oszt\u00e1ly r\u00e9sz\u00e9re"},"content":{"rendered":"<p>A Sz\u00edv Hangja K\u00f6zhaszn\u00fa Alap\u00edtv\u00e1ny imm\u00e1r negyedik alkalommal t\u00e1mogatja a k\u00f3rh\u00e1zat orvosi m\u0171szerekkel. 2016. janu\u00e1r 11-\u00e9n, egy EKG \u00e9s egy mozg\u00e1skompenz\u00e1ci\u00f3s pulzoxim\u00e9ter ker\u00fclt \u00e1tad\u00e1sra, mintegy 790.000 forint \u00e9rt\u00e9kben a Seb\u00e9szeti oszt\u00e1ly r\u00e9sz\u00e9re.<\/p>\n<p>A m\u0171szereket <em>Dr. Szentl\u00e9leki K\u00e1roly<\/em> oszt\u00e1lyvezet\u0151 f\u0151orvos \u00e9s <em>dr. Kir\u00e1ly Edit<\/em> f\u0151\u00e1pol\u00f3 vette \u00e1t \u00e9s k\u00f6sz\u00f6nte meg az alap\u00edtv\u00e1nyt k\u00e9pvisel\u0151 <em>N\u00e9meth L\u00e1szl\u00f3nak<\/em>. Az \u00e1tad\u00e1st k\u00f6vet\u0151en a Seb\u00e9szeti oszt\u00e1ly dolgoz\u00f3i sz\u00e1m\u00e1ra megt\u00f6rt\u00e9nt az eszk\u00f6z\u00f6k haszn\u00e1latbav\u00e9telhez sz\u00fcks\u00e9ges szakmai ismeretek elsaj\u00e1t\u00edt\u00e1sa.<\/p>\n","protected":false},"excerpt":{"rendered":"<p>A Sz\u00edv Hangja K\u00f6zhaszn\u00fa Alap\u00edtv\u00e1ny imm\u00e1r negyedik alkalommal t\u00e1mogatja a k\u00f3rh\u00e1zat orvosi m\u0171szerekkel. 2016. janu\u00e1r 11-\u00e9n, egy EKG \u00e9s egy mozg\u00e1skompenz\u00e1ci\u00f3s pulzoxim\u00e9ter ker\u00fclt \u00e1tad\u00e1sra, mintegy 790.000 forint \u00e9rt\u00e9kben a Seb\u00e9szeti oszt\u00e1ly r\u00e9sz\u00e9re. A m\u0171szereket Dr. Szentl\u00e9leki K\u00e1roly oszt\u00e1lyvezet\u0151 f\u0151orvos \u00e9s dr. Kir\u00e1ly Edit f\u0151\u00e1pol\u00f3 vette \u00e1t \u00e9s k\u00f6sz\u00f6nte meg az alap\u00edtv\u00e1nyt k\u00e9pvisel\u0151 N\u00e9meth L\u00e1szl\u00f3nak. Az [&hellip;]<\/p>\n","protected":false},"author":1,"featured_media":0,"comment_status":"closed","ping_status":"closed","sticky":false,"template":"","format":"standard","meta":[],"categories":[1],"tags":[],"_links":{"self":[{"href":"http:\/\/www.javorszky.hu\/wordpress\/index.php?rest_route=\/wp\/v2\/posts\/1131"}],"collection":[{"href":"http:\/\/www.javorszky.hu\/wordpress\/index.php?rest_route=\/wp\/v2\/posts"}],"about":[{"href":"http:\/\/www.javorszky.hu\/wordpress\/index.php?rest_route=\/wp\/v2\/types\/post"}],"author":[{"embeddable":true,"href":"http:\/\/www.javorszky.hu\/wordpress\/index.php?rest_route=\/wp\/v2\/users\/1"}],"replies":[{"embeddable":true,"href":"http:\/\/www.javorszky.hu\/wordpress\/index.php?rest_route=%2Fwp%2Fv2%2Fcomments&post=1131"}],"version-history":[{"count":1,"href":"http:\/\/www.javorszky.hu\/wordpress\/index.php?rest_route=\/wp\/v2\/posts\/1131\/revisions"}],"predecessor-version":[{"id":1132,"href":"http:\/\/www.javorszky.hu\/wordpress\/index.php?rest_route=\/wp\/v2\/posts\/1131\/revisions\/1132"}],"wp:attachment":[{"href":"http:\/\/www.javorszky.hu\/wordpress\/index.php?rest_route=%2Fwp%2Fv2%2Fmedia&parent=1131"}],"wp:term":[{"taxonomy":"category","embeddable":true,"href":"http:\/\/www.javorszky.hu\/wordpress\/index.php?rest_route=%2Fwp%2Fv2%2Fcategories&post=1131"},{"taxonomy":"post_tag","embeddable":true,"href":"http:\/\/www.javorszky.hu\/wordpress\/index.php?rest_route=%2Fwp%2Fv2%2Ftags&post=1131"}],"curies":[{"name":"wp","href":"https:\/\/api.w.org\/{rel}","templated":true}]}}