{"id":1136,"date":"2016-04-08T13:53:23","date_gmt":"2016-04-08T11:53:23","guid":{"rendered":"http:\/\/www.javorszky.hu\/wordpress\/?p=1136"},"modified":"2016-10-03T14:06:40","modified_gmt":"2016-10-03T12:06:40","slug":"kossuth-zsuzsanna-emlektablat-avattak-az-aulaban","status":"publish","type":"post","link":"http:\/\/www.javorszky.hu\/wordpress\/?p=1136","title":{"rendered":"Kossuth Zsuzsanna eml\u00e9kt\u00e1bl\u00e1t avattak az aul\u00e1ban"},"content":{"rendered":"<p>2016. \u00e1prilis 8-\u00e1n (p\u00e9nteken), 9 \u00f3rakor a J\u00e1vorszky \u00d6d\u00f6n K\u00f3rh\u00e1z aul\u00e1j\u00e1ban eml\u00e9kt\u00e1bla avat\u00e1st tartottak az els\u0151 magyar f\u0151\u00e1pol\u00f3, <em>Kossuth Zsuzsanna<\/em> tisztelet\u00e9re. A Magyar \u00c1pol\u00e1si Egyes\u00fclet (M\u00c1E) helyi szervezet\u00e9nek szervez\u00e9s\u00e9ben \u00e9s a J\u00e1vorszky \u00d6d\u00f6n K\u00f3rh\u00e1z k\u00f6zrem\u0171k\u00f6d\u00e9s\u00e9vel lezajlott esem\u00e9nyen, egy f\u0151 &#8211; a M\u00c1E \u00e1ltal alap\u00edtott- megyei ez\u00fcst kit\u0171z\u0151t kapott, m\u00edg n\u00e9gy f\u0151 szakdolgoz\u00f3 \u00e1pol\u00e1si igazgat\u00f3i dics\u00e9retben r\u00e9szes\u00fclt.<\/p>\n<p><em>S\u00e1moly Gy\u00f6rgy<\/em> k\u00f6sz\u00f6nt\u0151j\u00e9ben kiemelte, hogy k\u00f6sz\u00f6nettel fogadta az egyes\u00fclet helyi k\u00e9pvisel\u0151j\u00e9nek, Kov\u00e1csn\u00e9 B\u00f3bis Klaudi\u00e1nak megkeres\u00e9s\u00e9t, ann\u00e1l is ink\u00e1bb, mert \u0151 egyben a k\u00f3rh\u00e1z dolgoz\u00f3ja is.<\/p>\n<p>&#8211; Nagyon fontos esem\u00e9ny az int\u00e9zm\u00e9ny \u00e9let\u00e9ben ez az eml\u00e9kt\u00e1bla avat\u00e1s, hiszen kezdete egy hagyom\u00e1nynak, de ami enn\u00e9l is fontosabb, hogy ez\u00faton is kifejezhetj\u00fck erk\u00f6lcsi elismer\u00e9s\u00fcnket \u00e9s h\u00e1l\u00e1nkat a szakdolgoz\u00f3k munk\u00e1j\u00e1val kapcsolatban, illetve m\u00e9lt\u00f3 m\u00f3don tiszteleghet\u00fcnk minden magyar \u00e1pol\u00f3 munk\u00e1ja el\u0151tt \u2013 fogalmazott a f\u0151igazgat\u00f3.<\/p>\n<p>K\u00e1rp\u00e1ti Zolt\u00e1n a menedzsment nev\u00e9ben n\u00e9gy f\u0151t \u00e1pol\u00e1si igazgat\u00f3i dics\u00e9retben r\u00e9szes\u00edtett az esem\u00e9ny kapcs\u00e1n, illetve k\u00f6sz\u00f6nte meg az \u00e1ldozatos munk\u00e1t.<\/p>\n<p>&#8211; Tudjuk, hogy \u00f6nmagukat adva, \u00f6nmagukat fogyasztva j\u00e1rulnak a gy\u00f3gy\u00edt\u00e1shoz, \u00e9let\u00fck egy darabj\u00e1t \u00e9p\u00edtik be a j\u00e1r\u00f3beteg- \u00e9s fekv\u0151beteg szakell\u00e1t\u00e1sba. K\u00f6sz\u00f6n\u00f6m a megk\u00f6sz\u00f6nhetetlent! \u2013 mondta az \u00e1pol\u00e1si igazgat\u00f3.<\/p>\n<p>Az \u00fcnnepi besz\u00e9det Bugarszki Mikl\u00f3s, a M\u00c1E eln\u00f6ke mondta, aki\u00a0 kifejtette, hogy milyen r\u00f6g\u00f6s \u00fat vezetett Kossuth Zsuzsanna\u00a0 munk\u00e1ss\u00e1g\u00e1nak orsz\u00e1gos elismer\u00e9s\u00e9ig. Az els\u0151 magyar f\u0151\u00e1pol\u00f3 hivatalos orsz\u00e1gos meg\u00fcnnepl\u00e9s\u00e9re 2014. febru\u00e1r 19-\u00e9n ker\u00fclt el\u0151sz\u00f6r sor.<\/p>\n<p>A besz\u00e9det k\u00f6vet\u0151en a f\u0151igazgat\u00f3val \u00e9s az \u00e1pol\u00e1si igazgat\u00f3val k\u00f6z\u00f6sen leleplezt\u00e9k, majd Bugarszki Mikl\u00f3s a M\u00c1E eln\u00f6ke megkoszor\u00fazta Kossuth Zsuzsanna eml\u00e9kt\u00e1bl\u00e1j\u00e1t. A folytat\u00e1sban az elismer\u00e9sek\u00a0 \u00e1tad\u00e1sa, illetve a kit\u00fcntetettek m\u00e9ltat\u00e1sa k\u00f6vetkezett.<\/p>\n<p>A Magyar \u00c1pol\u00e1si Egyes\u00fclet megyei ez\u00fcst kit\u0171z\u0151j\u00e9t kapta: <em>Stefanek Judit<\/em><\/p>\n<p>\u201eK\u00f3rh\u00e1zunk elhivatott dolgoz\u00f3ja\u201d elismer\u00e9s \u2013 \u00e1pol\u00e1si igazgat\u00f3i dics\u00e9retek:<\/p>\n<p><em>Oroszi Zsuzsanna, Piszkat\u00f3riszn\u00e9 Gyetv\u00e1n M\u00e1rta, Jutasi S\u00e1ndorn\u00e9, Kaposv\u00e1ri T\u00fcnde. <\/em><\/p>\n<p>Az \u00fcnneps\u00e9gen a Selye J\u00e1nos Eg\u00e9szs\u00e9g\u00fcgyi \u00e9s Szakk\u00e9pz\u0151 iskola tanul\u00f3i k\u00f6zrem\u0171k\u00f6dtek.<\/p>\n","protected":false},"excerpt":{"rendered":"<p>2016. \u00e1prilis 8-\u00e1n (p\u00e9nteken), 9 \u00f3rakor a J\u00e1vorszky \u00d6d\u00f6n K\u00f3rh\u00e1z aul\u00e1j\u00e1ban eml\u00e9kt\u00e1bla avat\u00e1st tartottak az els\u0151 magyar f\u0151\u00e1pol\u00f3, Kossuth Zsuzsanna tisztelet\u00e9re. A Magyar \u00c1pol\u00e1si Egyes\u00fclet (M\u00c1E) helyi szervezet\u00e9nek szervez\u00e9s\u00e9ben \u00e9s a J\u00e1vorszky \u00d6d\u00f6n K\u00f3rh\u00e1z k\u00f6zrem\u0171k\u00f6d\u00e9s\u00e9vel lezajlott esem\u00e9nyen, egy f\u0151 &#8211; a M\u00c1E \u00e1ltal alap\u00edtott- megyei ez\u00fcst kit\u0171z\u0151t kapott, m\u00edg n\u00e9gy f\u0151 szakdolgoz\u00f3 \u00e1pol\u00e1si igazgat\u00f3i dics\u00e9retben [&hellip;]<\/p>\n","protected":false},"author":1,"featured_media":0,"comment_status":"closed","ping_status":"closed","sticky":false,"template":"","format":"standard","meta":[],"categories":[1],"tags":[],"_links":{"self":[{"href":"http:\/\/www.javorszky.hu\/wordpress\/index.php?rest_route=\/wp\/v2\/posts\/1136"}],"collection":[{"href":"http:\/\/www.javorszky.hu\/wordpress\/index.php?rest_route=\/wp\/v2\/posts"}],"about":[{"href":"http:\/\/www.javorszky.hu\/wordpress\/index.php?rest_route=\/wp\/v2\/types\/post"}],"author":[{"embeddable":true,"href":"http:\/\/www.javorszky.hu\/wordpress\/index.php?rest_route=\/wp\/v2\/users\/1"}],"replies":[{"embeddable":true,"href":"http:\/\/www.javorszky.hu\/wordpress\/index.php?rest_route=%2Fwp%2Fv2%2Fcomments&post=1136"}],"version-history":[{"count":1,"href":"http:\/\/www.javorszky.hu\/wordpress\/index.php?rest_route=\/wp\/v2\/posts\/1136\/revisions"}],"predecessor-version":[{"id":1137,"href":"http:\/\/www.javorszky.hu\/wordpress\/index.php?rest_route=\/wp\/v2\/posts\/1136\/revisions\/1137"}],"wp:attachment":[{"href":"http:\/\/www.javorszky.hu\/wordpress\/index.php?rest_route=%2Fwp%2Fv2%2Fmedia&parent=1136"}],"wp:term":[{"taxonomy":"category","embeddable":true,"href":"http:\/\/www.javorszky.hu\/wordpress\/index.php?rest_route=%2Fwp%2Fv2%2Fcategories&post=1136"},{"taxonomy":"post_tag","embeddable":true,"href":"http:\/\/www.javorszky.hu\/wordpress\/index.php?rest_route=%2Fwp%2Fv2%2Ftags&post=1136"}],"curies":[{"name":"wp","href":"https:\/\/api.w.org\/{rel}","templated":true}]}}