{"id":1844,"date":"2019-03-18T08:38:21","date_gmt":"2019-03-18T07:38:21","guid":{"rendered":"http:\/\/www.javorszky.hu\/wordpress\/?p=1844"},"modified":"2022-10-18T14:03:37","modified_gmt":"2022-10-18T12:03:37","slug":"1844","status":"publish","type":"post","link":"http:\/\/www.javorszky.hu\/wordpress\/?p=1844","title":{"rendered":""},"content":{"rendered":"<p><span style=\"font-size: 14pt;\"><strong>\u00a0ELHUNYT DR. SZENTGY\u00d6RGYI ERVIN<\/strong><\/span><\/p>\n<p>A J\u00e1vorszky \u00d6d\u00f6n K\u00f3rh\u00e1z m\u00e9ly megrend\u00fcl\u00e9ssel \u00e9rtes\u00edt mindenkit, aki ismerte, tisztelte \u00e9s szerette, hogy <strong><em>dr. Szentgy\u00f6rgyi Ervin urol\u00f3gus f\u0151orvos<\/em><\/strong> \u00e9let\u00e9nek 71. \u00e9v\u00e9ben, 2019. m\u00e1rcius 8-\u00e1n, elhunyt. Koll\u00e9g\u00e1i \u00edgy eml\u00e9keznek r\u00e1:<\/p>\n<p><strong>Ervinnek!<\/strong><\/p>\n<p>R\u00f3la, neki szeretn\u00e9k \u00edrni.<\/p>\n<p>Mikor v\u00e9gezte iskol\u00e1it? Pontosan nem is tudtuk.<\/p>\n<p>Akt\u00edv volt, tettre k\u00e9sz, tele tervekkel. Olvasott, t\u00e1j\u00e9kozott, \u00fajdons\u00e1gokra, azok megval\u00f3s\u00edt\u00e1s\u00e1ra fog\u00e9kony volt. A fiatals\u00e1g amb\u00edci\u00f3ja dolgozott benne. Ez hat\u00e1rozta meg a mindennapjait. A k\u00f6z\u00f6s munk\u00e1nk is csak ennek tudat\u00e1ban volt elk\u00e9pzelhet\u0151.\u00a0 El kellett fogadni, \u00e1tvenni, egy\u00fctt haladni vele. Tanultunk t\u0151le szakm\u00e1t, precizit\u00e1st, d\u00f6nt\u00e9st.<\/p>\n<p>A reggeleit a k\u00f3rteremben kezdte, a frissen felvett betegeket vizsg\u00e1lta, vagy ellen\u0151rizte az el\u0151z\u0151 nap oper\u00e1ltakat. \u00dclt az \u00e1gyuk sz\u00e9l\u00e9n \u00e9s figyelt. Semmi, a legapr\u00f3bb r\u00e9szlet sem ker\u00fclte el a figyelm\u00e9t. Prec\u00edz alaposs\u00e1ggal dolgozott. Maximalista volt \u00e9s ezt v\u00e1rta el t\u0151l\u00fcnk is.<\/p>\n<p>A m\u0171t\u0151 m\u00e1sodik otthona volt. Biztos k\u00e9zzel oper\u00e1lt. Sok sz\u00e9p, eredm\u00e9nyes m\u0171t\u00e9tet v\u00e9gzett. Az urol\u00f3gus szakma minden m\u0171t\u00e9ti t\u00edpus\u00e1t magas sz\u00ednvonalon oper\u00e1lta am\u00edg lehetett k\u00f3rh\u00e1zunkban.<\/p>\n<p>Karrierj\u00e9t \u00fagy \u00e9rezte f\u00e9lbev\u00e1gta az urol\u00f3gia egynapos rendszer\u00e9nek kialak\u00edt\u00e1sa. Utols\u00f3 pillanatig ezt nem tudta kiheverni. Az endoszk\u00f3pos beavatkoz\u00e1sokat ezut\u00e1n is itt v\u00e9gezte, csak a \u201cnyitott\u201d m\u0171t\u00e9teket oper\u00e1lta m\u00e1sutt pl: Uzsoki k\u00f3rh\u00e1zban.<\/p>\n<p>Mi, a Koll\u00e9g\u00e1i l\u00e1ttuk a mindennapjait, ismert\u00fck a terveit, l\u00e1ttuk a sikereit, \u00e9s a kudarcait is. Orvos volt. Gy\u00f3gy\u00edtott. Mindegy volt nappal, vagy \u00e9jszaka, ott volt, ha sz\u00fcks\u00e9g volt r\u00e1.<\/p>\n<p>El kell b\u00facs\u00faznunk t\u0151le, mert \u0150 is Ember volt, akit f\u00e1jdalmasan kor\u00e1n \u00e9rt utol az a betegs\u00e9g, amely az orvostudom\u00e1ny egyik legnehezebb feladv\u00e1nya. Tudta \u0150 is, \u00e9s m\u00e9lt\u00f3s\u00e1ggal vette tudom\u00e1sul, hogy nem fog siker\u00fclni.<\/p>\n<p>Pihenj Ervin! Nyugodj B\u00e9k\u00e9ben!<\/p>\n<p><em>A Koll\u00e9g\u00e1id<\/em><\/p>\n<p><a href=\"http:\/\/www.javorszky.hu\/wordpress\/wp-content\/uploads\/2019\/03\/drszentgy\u00f6rgyiervin.jpg\"><img loading=\"lazy\" class=\"aligncenter size-medium wp-image-1845\" src=\"http:\/\/www.javorszky.hu\/wordpress\/wp-content\/uploads\/2019\/03\/drszentgy\u00f6rgyiervin-197x300.jpg\" alt=\"drszentgy\u00f6rgyiervin\" width=\"197\" height=\"300\" \/><\/a><\/p>\n<p>Dr. Szentgy\u00f6rgyi Ervin 1948-ban sz\u00fcletett Szentesen. A k\u00f6z\u00e9piskola befejez\u00e9se ut\u00e1n, felv\u00e9telt nyert a Budapesti Orvostudom\u00e1nyi Egyetem \u00c1ltal\u00e1nos Orvosi Kar\u00e1ra, amit 1973-ban \u201ecum laude\u201d min\u0151s\u00edt\u00e9ssel v\u00e9gzett el. A diploma megszerz\u00e9se ut\u00e1n 1973 \u00e9s 1975 k\u00f6z\u00f6tt a F\u0151v\u00e1rosi T\u00e9t\u00e9nyi \u00fati K\u00f3rh\u00e1z K\u00f3rbonctani Oszt\u00e1ly\u00e1n dolgozott, majd ezt k\u00f6vet\u0151en, 1979-ig a F\u0151v\u00e1rosi P\u00e9terfy S\u00e1ndor utcai K\u00f3rh\u00e1z urol\u00f3giai-seb\u00e9szeti oszt\u00e1ly\u00e1n tev\u00e9kenykedett mint seg\u00e9dorvos, 1979 &#8211; 1989-ig mint alorvos, \u00e9s 1989 \u2013 1991k\u00f6z\u00f6tt mint \u00a0adjunktus \u201991-t\u0151l pedig mint f\u0151orvos l\u00e1tta el feladatait az urol\u00f3giai-seb\u00e9szeti oszt\u00e1lynak.<\/p>\n<p>A J\u00e1vorszky \u00d6d\u00f6n K\u00f3rh\u00e1zban 1992-ben kezdett dolgozni r\u00e9szlegvezet\u0151 f\u0151orvosk\u00e9nt az urol\u00f3giai r\u00e9szlegen.<\/p>\n<p>1993-ban jelent\u0151s szerepe volt a Novant Health \u00e9s a J\u00e1vorszky K\u00f3rh\u00e1z egy\u00fcttm\u0171k\u00f6d\u00e9s\u00e9nek kialak\u00edt\u00e1s\u00e1ban, kapcsolattart\u00e1s\u00e1ban, melynek f\u0151 c\u00e9lja az volt, hogy cs\u00f6kkents\u00e9k az eg\u00e9szs\u00e9g\u00fcgyi ell\u00e1t\u00e1s k\u00f6lts\u00e9geit, a betegek v\u00e1ltozatlanul magas min\u0151s\u00e9g\u0171 ell\u00e1t\u00e1sa mellett.\u00a0 Az Egyes\u00fclt \u00c1llamok Nemzetk\u00f6zi Fejleszt\u00e9si Hivatala (USAID), a kelet-eur\u00f3pai orsz\u00e1gok rendszerv\u00e1ltoz\u00e1sa ut\u00e1n, fejleszt\u00e9si program keretein bel\u00fcl, a k\u00e9t int\u00e9zm\u00e9ny szakembereib\u0151l nemzetk\u00f6zi teameket hoztak l\u00e9tre, melyek k\u00fcl\u00f6nb\u00f6z\u0151 szakter\u00fcleteken, k\u00fcl\u00f6nb\u00f6z\u0151 m\u00f3dszerekkel dolgoztak a c\u00e9l el\u00e9r\u00e9s\u00e9\u00e9rt.<\/p>\n<p>A J\u00e1vorszky \u00d6d\u00f6n K\u00f3rh\u00e1zban 1995-t\u0151l m\u0171k\u00f6d\u00f6tt teljesen \u00f6n\u00e1ll\u00f3 egys\u00e9gk\u00e9nt az Urol\u00f3giai oszt\u00e1ly, melynek vezet\u0151 f\u0151orvosa volt.<\/p>\n<p>Szentgy\u00f6rgyi f\u0151orvos szakmai tud\u00e1sa, gyakorlata, menedzser szeml\u00e9let\u0171 vezet\u00e9si st\u00edlusa \u00e9s emberi mivolta seg\u00edtette az int\u00e9zm\u00e9ny m\u0171k\u00f6d\u00e9s\u00e9t akkor is, amikor 1999-ben orvos igazgat\u00f3i, 2000-ben V\u00e1c V\u00e1ros K\u00e9pvisel\u0151-test\u00fclet\u00e9nek d\u00f6nt\u00e9se alapj\u00e1n f\u0151igazgat\u00f3i, majd 2001-ben \u00fajra orvos igazgat\u00f3i feladatok ell\u00e1t\u00e1s\u00e1val \u00a0b\u00edzt\u00e1k meg mindaddig, am\u00edg a ki\u00edrt int\u00e9zm\u00e9nyvezet\u0151i poz\u00edci\u00f3 bet\u00f6lt\u00e9sre ker\u00fclt.<\/p>\n<p>2001-t\u0151l visszavon\u00e1sig megb\u00edz\u00e1st kapott a Tudom\u00e1nyos Bizotts\u00e1g \u00e9s az Infekci\u00f3kontroll Bizotts\u00e1g eln\u00f6ki feladatainak ell\u00e1t\u00e1s\u00e1ra.<br \/>\n2005 janu\u00e1rj\u00e1ban Tudom\u00e1nyos igazgat\u00f3 kinevez\u00e9st kapott. Ezzel egy id\u0151ben szervezte meg el\u0151sz\u00f6r a J\u00e1vorszky Tudom\u00e1nyos Napot, ami az\u00f3ta is minden \u00e9vben megrendez\u00e9sre ker\u00fcl t\u00f6bb sz\u00e1z eg\u00e9szs\u00e9g\u00fcgyi szakember sz\u00e1m\u00e1ra. A program \u00f6ssze\u00e1ll\u00edt\u00e1s\u00e1ban k\u00fcl\u00f6n\u00f6s figyelmet ford\u00edtott arra, hogy a legkorszer\u0171bb m\u0171t\u00e9ti elj\u00e1r\u00e1sok, esetbemutat\u00e1sok, ter\u00e1pi\u00e1s lehet\u0151s\u00e9gek ker\u00fcljenek helyi bemutat\u00e1sra. Fontosnak tartotta, hogy a tudom\u00e1nyos konferenci\u00e1n val\u00f3 r\u00e9szv\u00e9tel ne csak a k\u00f3rh\u00e1z, de a t\u00e9rs\u00e9g orvosainak, szakdolgoz\u00f3inak is ingyenes kreditpontos tov\u00e1bbk\u00e9pz\u00e9st biztos\u00edtson.<\/p>\n<p>2008 \u00e9s 2010 k\u00f6z\u00f6tt m\u0171t\u0151vezet\u0151 f\u0151orvos poz\u00edci\u00f3t t\u00f6lt\u00f6tt be.<\/p>\n<p>2009-ben kimagasl\u00f3 szakmai munk\u00e1j\u00e1\u00e9rt, az Eg\u00e9szs\u00e9g\u00fcgyi Miniszter Pro Sanitate &#8211; d\u00edjjal t\u00fcntette ki.<\/p>\n<p>2012-ben az Urol\u00f3giai oszt\u00e1lyt beolvasztott\u00e1k a seb\u00e9szeti oszt\u00e1lyba \u00e9s egynapos urol\u00f3giak\u00e9nt m\u0171k\u00f6dik tov\u00e1bb mind a mai napig.<\/p>\n<p>&nbsp;<\/p>\n<p>Tudom\u00e1nyos publik\u00e1ci\u00f3i, szakmai el\u0151ad\u00e1sai nem csak hazai, de nemzetk\u00f6zi szinten is elismer\u00e9st arattak.<\/p>\n<p>&nbsp;<\/p>\n<p>&nbsp;<\/p>\n<p>V\u00e1c, 2019. m\u00e1rcius 18.<\/p>\n<p>J\u00e1vorszky \u00d6d\u00f6n K\u00f3rh\u00e1z<\/p>\n<p>&nbsp;<\/p>\n<p>&nbsp;<\/p>\n","protected":false},"excerpt":{"rendered":"<p>\u00a0ELHUNYT DR. SZENTGY\u00d6RGYI ERVIN A J\u00e1vorszky \u00d6d\u00f6n K\u00f3rh\u00e1z m\u00e9ly megrend\u00fcl\u00e9ssel \u00e9rtes\u00edt mindenkit, aki ismerte, tisztelte \u00e9s szerette, hogy dr. Szentgy\u00f6rgyi Ervin urol\u00f3gus f\u0151orvos \u00e9let\u00e9nek 71. \u00e9v\u00e9ben, 2019. m\u00e1rcius 8-\u00e1n, elhunyt. Koll\u00e9g\u00e1i \u00edgy eml\u00e9keznek r\u00e1: Ervinnek! R\u00f3la, neki szeretn\u00e9k \u00edrni. Mikor v\u00e9gezte iskol\u00e1it? Pontosan nem is tudtuk. Akt\u00edv volt, tettre k\u00e9sz, tele tervekkel. Olvasott, t\u00e1j\u00e9kozott, \u00fajdons\u00e1gokra, [&hellip;]<\/p>\n","protected":false},"author":1,"featured_media":0,"comment_status":"closed","ping_status":"closed","sticky":false,"template":"","format":"standard","meta":[],"categories":[1],"tags":[],"_links":{"self":[{"href":"http:\/\/www.javorszky.hu\/wordpress\/index.php?rest_route=\/wp\/v2\/posts\/1844"}],"collection":[{"href":"http:\/\/www.javorszky.hu\/wordpress\/index.php?rest_route=\/wp\/v2\/posts"}],"about":[{"href":"http:\/\/www.javorszky.hu\/wordpress\/index.php?rest_route=\/wp\/v2\/types\/post"}],"author":[{"embeddable":true,"href":"http:\/\/www.javorszky.hu\/wordpress\/index.php?rest_route=\/wp\/v2\/users\/1"}],"replies":[{"embeddable":true,"href":"http:\/\/www.javorszky.hu\/wordpress\/index.php?rest_route=%2Fwp%2Fv2%2Fcomments&post=1844"}],"version-history":[{"count":5,"href":"http:\/\/www.javorszky.hu\/wordpress\/index.php?rest_route=\/wp\/v2\/posts\/1844\/revisions"}],"predecessor-version":[{"id":1850,"href":"http:\/\/www.javorszky.hu\/wordpress\/index.php?rest_route=\/wp\/v2\/posts\/1844\/revisions\/1850"}],"wp:attachment":[{"href":"http:\/\/www.javorszky.hu\/wordpress\/index.php?rest_route=%2Fwp%2Fv2%2Fmedia&parent=1844"}],"wp:term":[{"taxonomy":"category","embeddable":true,"href":"http:\/\/www.javorszky.hu\/wordpress\/index.php?rest_route=%2Fwp%2Fv2%2Fcategories&post=1844"},{"taxonomy":"post_tag","embeddable":true,"href":"http:\/\/www.javorszky.hu\/wordpress\/index.php?rest_route=%2Fwp%2Fv2%2Ftags&post=1844"}],"curies":[{"name":"wp","href":"https:\/\/api.w.org\/{rel}","templated":true}]}}