{"id":2280,"date":"2020-02-17T09:48:12","date_gmt":"2020-02-17T08:48:12","guid":{"rendered":"http:\/\/www.javorszky.hu\/wordpress\/?p=2280"},"modified":"2022-10-13T09:21:44","modified_gmt":"2022-10-13T07:21:44","slug":"elhunyt-dr-csecs-ilona-foorvos","status":"publish","type":"post","link":"http:\/\/www.javorszky.hu\/wordpress\/?p=2280","title":{"rendered":"ELHUNYT DR. CS\u00c9CS ILONA F\u0150ORVOS"},"content":{"rendered":"<p>A J\u00e1vorszky \u00d6d\u00f6n K\u00f3rh\u00e1z m\u00e9ly megrend\u00fcl\u00e9ssel \u00e9rtes\u00edt mindenkit, aki ismerte, tisztelte \u00e9s szerette, hogy D<strong><em>r. Cs\u00e9cs Ilona onkol\u00f3gus f\u0151orvos<\/em><\/strong> \u00e9let\u00e9nek 66. \u00e9v\u00e9ben, 2020. febru\u00e1r 13-\u00e1n, v\u00e1ratlanul elhunyt. Eml\u00e9ke el\u0151tt szeretettel \u00e9s tisztelettel ad\u00f3zunk.<\/p>\n<p><a href=\"http:\/\/www.javorszky.hu\/wordpress\/wp-content\/uploads\/2020\/02\/drCsI.jpg\"><img loading=\"lazy\" class=\"aligncenter wp-image-2281\" src=\"http:\/\/www.javorszky.hu\/wordpress\/wp-content\/uploads\/2020\/02\/drCsI.jpg\" alt=\"drCsI\" width=\"392\" height=\"533\" srcset=\"http:\/\/www.javorszky.hu\/wordpress\/wp-content\/uploads\/2020\/02\/drCsI.jpg 497w, http:\/\/www.javorszky.hu\/wordpress\/wp-content\/uploads\/2020\/02\/drCsI-220x300.jpg 220w\" sizes=\"(max-width: 392px) 100vw, 392px\" \/><\/a><\/p>\n<p>Dr. Cs\u00e9cs Ilona onkol\u00f3gus f\u0151orvos 1953. \u00e1prilis 24-\u00e9n, Bagodvitny\u00e9den sz\u00fcletett. 1977-t\u0151l kezdett seg\u00e9dorvosk\u00e9nt dolgozni az akkor m\u00e9g Sz\u0151nyi Tibor nev\u00e9t visel\u0151 v\u00e1ci k\u00f3rh\u00e1z k\u00f3rbonctani \u00e9s k\u00f3rsz\u00f6vettani oszt\u00e1ly\u00e1n, majd 1981-t\u0151l a belgy\u00f3gy\u00e1szati oszt\u00e1lyon. Az elm\u00falt huszonnyolc \u00e9vben a t\u00e9rs\u00e9g klinikai onkol\u00f3gusak\u00e9nt tev\u00e9kenykedett. 2013-ban Egy\u00e9ni Pro Urbe \u2013d\u00edjjal t\u00fcntette ki a v\u00e1ros a hivat\u00e1sgyakorl\u00e1son t\u00falmutat\u00f3 \u00f6nzetlen seg\u00edt\u0151 munk\u00e1\u00e9rt, a betegek sz\u00e1m\u00e1ra lelki t\u00e1maszt ny\u00fajt\u00f3 Egy\u00fctt-Egym\u00e1s\u00e9rt daganatos betegek klubj\u00e1nak t\u00f6bb \u00e9vtizedes m\u0171k\u00f6dtet\u00e9s\u00e9\u00e9rt, a k\u00f6z\u00f6ss\u00e9g \u00e9let\u00e9ben val\u00f3 akt\u00edv r\u00e9szv\u00e9tel\u00e9\u00e9rt, amiben \u00e9let\u00e9nek utols\u00f3 pillanat\u00e1ig r\u00e9szt vett. Az ONKOTEAM megszervez\u00e9s\u00e9vel a betegek lehet\u0151 legjobb ell\u00e1t\u00e1sa \u00e9rdek\u00e9ben f\u00e1radozott. Koll\u00e9g\u00e1ihoz val\u00f3 viszonya, seg\u00edt\u0151k\u00e9szs\u00e9ge p\u00e9lda\u00e9rt\u00e9k\u0171, amit naponta hi\u00e1nyk\u00e9nt fogunk meg\u00e9lni. Betegei szerett\u00e9k, tisztelt\u00e9k, amit a t\u00f6bb \u00e9vtizedes f\u00e1radoz\u00e1sa elismer\u00e9sek\u00e9nt v\u00edvott ki. Lelkiismeretes munk\u00e1ja r\u00e9v\u00e9n m\u00e1s int\u00e9zetek szakemberei is megismert\u00e9k \u00e9s tev\u00e9kenys\u00e9g\u00e9r\u0151l elismer\u0151en nyilatkoztak.<\/p>\n<p>\u201eEzek a falak nekem az otthonom. Nem is tudom\u2026 m\u00e1sodik, els\u0151? Valahogy egy\u00fctt a kett\u0151. \u00c9s a klub pedig\u2026 negyven \u00e9ves voltam \u00e9s ti is, maguk is huszon\u00f6t \u00e9vvel fiatalabbak. De legal\u00e1bb meg\u00e9rt\u00fck.\u201d \u2013 mondta 2018-ban, a klub fenn\u00e1ll\u00e1s\u00e1nak huszon\u00f6t\u00f6dik \u00e9vfordul\u00f3j\u00e1n. Mindig, minden megnyilv\u00e1nul\u00e1s\u00e1ban azt hangs\u00falyozta, hogy egy betegs\u00e9g ter\u00e1pi\u00e1j\u00e1ban a test mellett, a l\u00e9lek gy\u00f3gy\u00edt\u00e1sa is egy nagyon fontos komponens.<\/p>\n","protected":false},"excerpt":{"rendered":"<p>A J\u00e1vorszky \u00d6d\u00f6n K\u00f3rh\u00e1z m\u00e9ly megrend\u00fcl\u00e9ssel \u00e9rtes\u00edt mindenkit, aki ismerte, tisztelte \u00e9s szerette, hogy Dr. Cs\u00e9cs Ilona onkol\u00f3gus f\u0151orvos \u00e9let\u00e9nek 66. \u00e9v\u00e9ben, 2020. febru\u00e1r 13-\u00e1n, v\u00e1ratlanul elhunyt. Eml\u00e9ke el\u0151tt szeretettel \u00e9s tisztelettel ad\u00f3zunk. Dr. Cs\u00e9cs Ilona onkol\u00f3gus f\u0151orvos 1953. \u00e1prilis 24-\u00e9n, Bagodvitny\u00e9den sz\u00fcletett. 1977-t\u0151l kezdett seg\u00e9dorvosk\u00e9nt dolgozni az akkor m\u00e9g Sz\u0151nyi Tibor nev\u00e9t visel\u0151 v\u00e1ci [&hellip;]<\/p>\n","protected":false},"author":1,"featured_media":0,"comment_status":"closed","ping_status":"closed","sticky":false,"template":"","format":"standard","meta":[],"categories":[1],"tags":[],"_links":{"self":[{"href":"http:\/\/www.javorszky.hu\/wordpress\/index.php?rest_route=\/wp\/v2\/posts\/2280"}],"collection":[{"href":"http:\/\/www.javorszky.hu\/wordpress\/index.php?rest_route=\/wp\/v2\/posts"}],"about":[{"href":"http:\/\/www.javorszky.hu\/wordpress\/index.php?rest_route=\/wp\/v2\/types\/post"}],"author":[{"embeddable":true,"href":"http:\/\/www.javorszky.hu\/wordpress\/index.php?rest_route=\/wp\/v2\/users\/1"}],"replies":[{"embeddable":true,"href":"http:\/\/www.javorszky.hu\/wordpress\/index.php?rest_route=%2Fwp%2Fv2%2Fcomments&post=2280"}],"version-history":[{"count":2,"href":"http:\/\/www.javorszky.hu\/wordpress\/index.php?rest_route=\/wp\/v2\/posts\/2280\/revisions"}],"predecessor-version":[{"id":2283,"href":"http:\/\/www.javorszky.hu\/wordpress\/index.php?rest_route=\/wp\/v2\/posts\/2280\/revisions\/2283"}],"wp:attachment":[{"href":"http:\/\/www.javorszky.hu\/wordpress\/index.php?rest_route=%2Fwp%2Fv2%2Fmedia&parent=2280"}],"wp:term":[{"taxonomy":"category","embeddable":true,"href":"http:\/\/www.javorszky.hu\/wordpress\/index.php?rest_route=%2Fwp%2Fv2%2Fcategories&post=2280"},{"taxonomy":"post_tag","embeddable":true,"href":"http:\/\/www.javorszky.hu\/wordpress\/index.php?rest_route=%2Fwp%2Fv2%2Ftags&post=2280"}],"curies":[{"name":"wp","href":"https:\/\/api.w.org\/{rel}","templated":true}]}}