{"id":2555,"date":"2020-11-05T08:59:07","date_gmt":"2020-11-05T07:59:07","guid":{"rendered":"http:\/\/www.javorszky.hu\/wordpress\/?p=2555"},"modified":"2022-10-13T09:23:13","modified_gmt":"2022-10-13T07:23:13","slug":"megkezdodott-a-felkeszules-a-koronavirussal-fertozott-betegek-fogadasara","status":"publish","type":"post","link":"http:\/\/www.javorszky.hu\/wordpress\/?p=2555","title":{"rendered":"MEGKEZD\u0150D\u00d6TT A FELK\u00c9SZ\u00dcL\u00c9S A KORONAV\u00cdRUSSAL FERT\u0150Z\u00d6TT BETEGEK FOGAD\u00c1S\u00c1RA"},"content":{"rendered":"<p><img loading=\"lazy\" class=\"alignleft wp-image-2558\" src=\"http:\/\/www.javorszky.hu\/wordpress\/wp-content\/uploads\/2020\/11\/S\u00fcrg\u0151ss\u00e9gi-Betegell\u00e1t\u00f3-Oszt\u00e1ly.jpg\" alt=\"S\u00fcrg\u0151ss\u00e9gi Betegell\u00e1t\u00f3 Oszt\u00e1ly\" width=\"444\" height=\"296\" srcset=\"http:\/\/www.javorszky.hu\/wordpress\/wp-content\/uploads\/2020\/11\/S\u00fcrg\u0151ss\u00e9gi-Betegell\u00e1t\u00f3-Oszt\u00e1ly.jpg 866w, http:\/\/www.javorszky.hu\/wordpress\/wp-content\/uploads\/2020\/11\/S\u00fcrg\u0151ss\u00e9gi-Betegell\u00e1t\u00f3-Oszt\u00e1ly-300x200.jpg 300w\" sizes=\"(max-width: 444px) 100vw, 444px\" \/><\/p>\n<p>Az emberi er\u0151forr\u00e1sok miniszter\u00e9nek okt\u00f3ber 23-i rendelete a v\u00e1ci k\u00f3rh\u00e1zat &#8211; t\u00f6bb m\u00e1sik int\u00e9zm\u00e9nnyel egy\u00fctt &#8211; m\u00e1sodlagos ell\u00e1t\u00f3helly\u00e9 jel\u00f6lte ki.<\/p>\n<p>A rendelet \u00e9rtelm\u00e9ben, amennyiben az els\u0151dlegesen kijel\u00f6lt szolg\u00e1ltat\u00f3k COVID &#8211; 19 ell\u00e1t\u00e1si kapacit\u00e1sai tel\u00edt\u0151dnek, \u00fagy a J\u00e1vorszky \u00d6d\u00f6n K\u00f3rh\u00e1z is azonnal bekapcsol\u00f3dik az igazolt \u00e9s a gyan\u00fas koronav\u00edrusos betegek ell\u00e1t\u00e1s\u00e1ba.\u00a0 A v\u00e1ci k\u00f3rh\u00e1z csak abban az esetben fogad enyhe \u00e9s k\u00f6z\u00e9ps\u00falyos, igazolt koronav\u00edrusos betegeket, ha a sorrendben el\u0151tt\u00fck l\u00e9v\u0151 k\u00f3rh\u00e1zak kapacit\u00e1sa megtelik. A j\u00e1rv\u00e1ny\u00fcgyi helyzet alakul\u00e1sa sz\u00fcks\u00e9gess\u00e9 tette, hogy m\u00e1r kedd est\u00e9t\u0151l a v\u00e1ci k\u00f3rh\u00e1znak is fogadnia kell igazolt koronav\u00edrus fert\u0151z\u00f6tt betegeket, melyek felv\u00e9tele az Orsz\u00e1gos Ment\u0151szolg\u00e1lat COVID koordin\u00e1ci\u00f3s csoportj\u00e1nak ir\u00e1ny\u00edt\u00e1s\u00e1val t\u00f6rt\u00e9nik.<\/p>\n<p>Az EMMI minisztere \u00e1ltal kiadott rendelet felk\u00e9sz\u00fcl\u00e9si id\u0151t biztos\u00edtott a koronav\u00edrusos betegek fogad\u00e1s\u00e1ra \u00e9s gy\u00f3gy\u00edt\u00e1s\u00e1ra. Az utas\u00edt\u00e1s szerint az \u00fajonnan kijel\u00f6lt k\u00f3rh\u00e1zaknak az \u00f6sszes finansz\u00edrozott \u00e1gysz\u00e1muk 20%-\u00e1t kell az igazolt \u00e9s gyan\u00fas COVID &#8211; 19 betegek ell\u00e1t\u00e1s\u00e1ra felk\u00e9sz\u00edteni. Ez a v\u00e1ci k\u00f3rh\u00e1z eset\u00e9ben, mind\u00f6sszesen 104 \u00e1gyat jelent. A k\u00f3rh\u00e1z Koronav\u00edrus Operat\u00edv Test\u00fclete bels\u0151 elj\u00e1r\u00e1srendet \u00e9s int\u00e9zked\u00e9si tervet k\u00e9sz\u00edtett a k\u00f3rh\u00e1zban a gyan\u00fas \u00e9s igazolt COVID-19 betegek ell\u00e1t\u00e1s\u00e1ra, kialak\u00edt\u00e1sra ker\u00fcltek az izol\u00e1ci\u00f3s (elk\u00fcl\u00f6n\u00edt\u0151) r\u00e9szlegek. A biztons\u00e1gos betegell\u00e1t\u00e1s \u00e9rdek\u00e9ben k\u00f3rh\u00e1zon bel\u00fcl \u00e1tszervez\u00e9sek t\u00f6rt\u00e9ntek, m\u00e1trix jelleggel m\u0171k\u00f6d\u0151 szervezeti egys\u00e9gek ker\u00fcltek kialak\u00edt\u00e1sra.<\/p>\n<p>&nbsp;<\/p>\n<p>&nbsp;<\/p>\n<p>A k\u00f3rh\u00e1z megfelel\u0151 mennyis\u00e9g\u0171 v\u00e9d\u0151felszerel\u00e9ssel \u00e9s gy\u00f3gyszerrel rendelkezik mind a fert\u0151z\u00f6tt, mind pedig a nem fert\u0151z\u00f6tt betegek ell\u00e1t\u00e1s\u00e1hoz.\u00a0 A v\u00e9d\u0151felszerel\u00e9sek folyamatos biztos\u00edt\u00e1s\u00e1ban \u00e9s a k\u00f3rh\u00e1z teljes ter\u00fclet\u00e9n a j\u00e1rv\u00e1ny\u00fcgyi szab\u00e1lyok betartat\u00e1s\u00e1ban a k\u00f3rh\u00e1zparancsok is seg\u00edts\u00e9get ny\u00fajt.<\/p>\n<p>A k\u00f3rh\u00e1z vezet\u00e9se folyamatosan szolg\u00e1ltat adatokat a k\u00f3rh\u00e1z aktu\u00e1lis kapacit\u00e1s\u00e1r\u00f3l, melynek figyelembev\u00e9tel\u00e9vel t\u00f6rt\u00e9nik sz\u00fcks\u00e9g eset\u00e9n a t\u00f6bbletfeladatok fenntart\u00f3 \u00e1ltali deleg\u00e1l\u00e1sa.<\/p>\n<p>&nbsp;<\/p>\n<p>A k\u00f3rh\u00e1zban a j\u00e1rv\u00e1ny els\u0151 hull\u00e1m\u00e1ban meghozott rendelkez\u00e9sek &#8211; k\u00f6telez\u0151 maszkvisel\u00e9s, k\u00e9zfert\u0151tlen\u00edt\u00e9s, t\u00e1vols\u00e1gtart\u00e1s &#8211; tov\u00e1bbra is \u00e9rv\u00e9nyben vannak, ezek ellen\u0151rz\u00e9se folyamatos. Ezeken\u00a0 fel\u00fcl, az int\u00e9zm\u00e9nybe bel\u00e9pni k\u00edv\u00e1n\u00f3 minden szem\u00e9ly testh\u0151m\u00e9rs\u00e9klet\u00e9t megm\u00e9rik.<\/p>\n<p>A k\u00f3rh\u00e1z vezet\u00e9se \u00e9s dolgoz\u00f3i ez\u00faton is k\u00f6sz\u00f6nik a lakoss\u00e1g t\u00fcrelm\u00e9t, a v\u00e9dekez\u00e9shez ny\u00fajtott egy\u00fcttm\u0171k\u00f6d\u00e9s\u00e9t.<\/p>\n<p>V\u00e1c, 2020. 10. 29.<\/p>\n","protected":false},"excerpt":{"rendered":"<p>Az emberi er\u0151forr\u00e1sok miniszter\u00e9nek okt\u00f3ber 23-i rendelete a v\u00e1ci k\u00f3rh\u00e1zat &#8211; t\u00f6bb m\u00e1sik int\u00e9zm\u00e9nnyel egy\u00fctt &#8211; m\u00e1sodlagos ell\u00e1t\u00f3helly\u00e9 jel\u00f6lte ki. A rendelet \u00e9rtelm\u00e9ben, amennyiben az els\u0151dlegesen kijel\u00f6lt szolg\u00e1ltat\u00f3k COVID &#8211; 19 ell\u00e1t\u00e1si kapacit\u00e1sai tel\u00edt\u0151dnek, \u00fagy a J\u00e1vorszky \u00d6d\u00f6n K\u00f3rh\u00e1z is azonnal bekapcsol\u00f3dik az igazolt \u00e9s a gyan\u00fas koronav\u00edrusos betegek ell\u00e1t\u00e1s\u00e1ba.\u00a0 A v\u00e1ci k\u00f3rh\u00e1z csak abban [&hellip;]<\/p>\n","protected":false},"author":1,"featured_media":0,"comment_status":"closed","ping_status":"closed","sticky":false,"template":"","format":"standard","meta":[],"categories":[1],"tags":[],"_links":{"self":[{"href":"http:\/\/www.javorszky.hu\/wordpress\/index.php?rest_route=\/wp\/v2\/posts\/2555"}],"collection":[{"href":"http:\/\/www.javorszky.hu\/wordpress\/index.php?rest_route=\/wp\/v2\/posts"}],"about":[{"href":"http:\/\/www.javorszky.hu\/wordpress\/index.php?rest_route=\/wp\/v2\/types\/post"}],"author":[{"embeddable":true,"href":"http:\/\/www.javorszky.hu\/wordpress\/index.php?rest_route=\/wp\/v2\/users\/1"}],"replies":[{"embeddable":true,"href":"http:\/\/www.javorszky.hu\/wordpress\/index.php?rest_route=%2Fwp%2Fv2%2Fcomments&post=2555"}],"version-history":[{"count":5,"href":"http:\/\/www.javorszky.hu\/wordpress\/index.php?rest_route=\/wp\/v2\/posts\/2555\/revisions"}],"predecessor-version":[{"id":2589,"href":"http:\/\/www.javorszky.hu\/wordpress\/index.php?rest_route=\/wp\/v2\/posts\/2555\/revisions\/2589"}],"wp:attachment":[{"href":"http:\/\/www.javorszky.hu\/wordpress\/index.php?rest_route=%2Fwp%2Fv2%2Fmedia&parent=2555"}],"wp:term":[{"taxonomy":"category","embeddable":true,"href":"http:\/\/www.javorszky.hu\/wordpress\/index.php?rest_route=%2Fwp%2Fv2%2Fcategories&post=2555"},{"taxonomy":"post_tag","embeddable":true,"href":"http:\/\/www.javorszky.hu\/wordpress\/index.php?rest_route=%2Fwp%2Fv2%2Ftags&post=2555"}],"curies":[{"name":"wp","href":"https:\/\/api.w.org\/{rel}","templated":true}]}}