{"id":2726,"date":"2021-05-12T17:47:26","date_gmt":"2021-05-12T15:47:26","guid":{"rendered":"http:\/\/www.javorszky.hu\/wordpress\/?p=2726"},"modified":"2022-10-13T09:19:13","modified_gmt":"2022-10-13T07:19:13","slug":"apolok-nemzetkozi-napja","status":"publish","type":"post","link":"http:\/\/www.javorszky.hu\/wordpress\/?p=2726","title":{"rendered":"\u00c1pol\u00f3k Napja"},"content":{"rendered":"<p><strong><a href=\"http:\/\/www.javorszky.hu\/wordpress\/wp-content\/uploads\/2021\/05\/FLORENCE-NIGHTINGALE-3.jpg\"><img loading=\"lazy\" class=\"alignleft wp-image-2727 \" src=\"http:\/\/www.javorszky.hu\/wordpress\/wp-content\/uploads\/2021\/05\/FLORENCE-NIGHTINGALE-3-300x300.jpg\" alt=\"FLORENCE-NIGHTINGALE-3\" width=\"184\" height=\"184\" srcset=\"http:\/\/www.javorszky.hu\/wordpress\/wp-content\/uploads\/2021\/05\/FLORENCE-NIGHTINGALE-3-300x300.jpg 300w, http:\/\/www.javorszky.hu\/wordpress\/wp-content\/uploads\/2021\/05\/FLORENCE-NIGHTINGALE-3-150x150.jpg 150w, http:\/\/www.javorszky.hu\/wordpress\/wp-content\/uploads\/2021\/05\/FLORENCE-NIGHTINGALE-3-1024x1024.jpg 1024w, http:\/\/www.javorszky.hu\/wordpress\/wp-content\/uploads\/2021\/05\/FLORENCE-NIGHTINGALE-3.jpg 1200w\" sizes=\"(max-width: 184px) 100vw, 184px\" \/><\/a><\/strong><span style=\"color: #0000ff;\">M\u00e1jus 12. <\/span><span style=\"color: #0000ff;\">vil\u00e1gszerte az <strong>\u00c1pol\u00f3k Nemzetk\u00f6zi Napja<\/strong> \u00e9s az <strong>\u00c1pol\u00f3n\u0151k Vil\u00e1gnapja<\/strong>\u00a0annak eml\u00e9k\u00e9re, hogy 1820-ban ezen a napon sz\u00fcletett Florence Nightingale brit \u00e1pol\u00f3n\u0151, aki a szakm\u00e1t alapjaiban form\u00e1lta \u00e1t, hivat\u00e1ss\u00e1 tette.<\/span><\/p>\n<p><span style=\"color: #0000ff;\">\u0150 volt, aki megfogalmazta:\u00a0<em>&#8220;<strong>az \u00e1pol\u00f3n\u0151 munk\u00e1ja h\u00e1romszoros \u00e9rdekl\u0151d\u00e9st k\u00edv\u00e1n: szellemi \u00e9rdekl\u0151d\u00e9st az eset ir\u00e1nt, sz\u00edvbeli \u00e9rdekl\u0151d\u00e9st a beteg ember ir\u00e1nt, szakmai \u00e9rdekl\u0151d\u00e9st a<\/strong><\/em> <em><strong>gyakorlati munka technik\u00e1ja ir\u00e1nt<\/strong>&#8220;.<\/em><\/span><\/p>\n<p>Hagyom\u00e1nyosan olyan tulajdons\u00e1gokat t\u00e1rs\u00edtunk ehhez a hivat\u00e1shoz, mint az emp\u00e1tia, a t\u00fcrelem, a nyugalom, a nyitotts\u00e1g. E hivat\u00e1st v\u00e1laszt\u00f3kkal szemben elv\u00e1r\u00e1s a felel\u0151ss\u00e9gteljess\u00e9g, felk\u00e9sz\u00fclts\u00e9g, legyenek j\u00f3 partnerei az orvosnak \u00e9s a betegnek egyar\u00e1nt, tudjanak csapatban dolgozni, \u00e9s ha kell, hideg fejjel helyes d\u00f6nt\u00e9seket hozni. Fontos a kommunik\u00e1ci\u00f3s k\u00e9szs\u00e9g, elengedhetetlen az \u00e9rzelmi stabilit\u00e1s. Szellemileg \u00e9s fizikailag j\u00f3 form\u00e1ban kell lenni, megfelel\u0151 elm\u00e9leti \u00e9s gyakorlati tud\u00e1ssal kell rendelkezni.<\/p>\n<p>Az eltelt 150 \u00e9v ut\u00e1n van-e olyan \u00e1pol\u00f3, akinek esz\u00e9be \u00f6tl\u00f6tt volna az a tehetetlens\u00e9g \u00e9s kiszolg\u00e1ltatotts\u00e1g, amit a COVID-19 v\u00edrus megjelen\u00e9se okozott? Az \u00e1pol\u00e1s \u00f3ri\u00e1si utat tett meg a gy\u00f3gy\u00edt\u00e1s fejl\u0151d\u00e9s\u00e9vel egy\u00fctt, sz\u00e1mos \u00e1pol\u00f3 tud\u00e1sa messze meghaladja a kor\u00e1bbi id\u0151k orvosainak tud\u00e1s\u00e1t, felk\u00e9sz\u00fclts\u00e9g\u00e9t. A tudom\u00e1ny, \u00edgy a gy\u00f3gy\u00edt\u00e1s rohamos fejl\u0151d\u00e9s\u00e9vel a hagyom\u00e1nyos \u00e1pol\u00e1s is robban\u00e1sszer\u00fcen fejl\u0151d\u00f6tt \u00e9s szakosodott.<\/p>\n<p>A szakavatott asszisztencia k\u00f6zrem\u0171k\u00f6d\u00e9se n\u00e9lk\u00fcl az orvosl\u00e1s sem tud \u00f6nmag\u00e1ban l\u00e9tezni. A COVID-19 idej\u00e9n azonban azzal kell szembes\u00fclni, hogy sem orvos, sem \u00e1pol\u00f3 nem volt felk\u00e9sz\u00fclve \u00e9s felk\u00e9sz\u00edtve a v\u00e1ratlan \u00e9s ismeretlen vesz\u00e9lyekre. A kiszolg\u00e1ltatotts\u00e1gban \u00e1pol\u00f3 \u00e9s beteg egyar\u00e1nt a legnagyobb fok\u00fa kock\u00e1zatnak lett kit\u00e9ve. A n\u00e9lk\u00fcl\u00f6zhetetlen \u00e1pol\u00f3i tev\u00e9kenys\u00e9g felbecs\u00fclhetetlen\u00fcl fel\u00e9rt\u00e9kel\u0151d\u00f6tt, \u00e9s arra kell t\u00f6rekedn\u00fcnk, hogy minden k\u00f6r\u00fclm\u00e9nyek k\u00f6z\u00f6tt megteremts\u00fck a biztons\u00e1guka. N\u00e9lk\u00fcl\u00fck az eg\u00e9szs\u00e9g\u00fcgyi \u00e9s szoci\u00e1lis ell\u00e1t\u00f3rendszer nem m\u0171k\u00f6dik.<\/p>\n<p>A COVID-19 v\u00edrus hatalmas \u00e1ldozatokat k\u00f6vetelt az \u00e1pol\u00f3kt\u00f3l is \u2013 az eg\u00e9sz vil\u00e1g megmozdult, hogy kimutassa h\u00e1l\u00e1j\u00e1t \u00e9s tisztelet\u00e9t az \u00e1pol\u00f3k \u00e9s gy\u00f3gy\u00edt\u00f3k ir\u00e1nt- ezt a tiszteletet \u00e9s h\u00e1l\u00e1t kell meg\u0151rizn\u00fcnk a COVID-19 pand\u00e9mia elm\u00fal\u00e1s\u00e1t k\u00f6vet\u0151en is.<\/p>\n<p style=\"text-align: center;\"><span style=\"color: #0000ff;\"><strong><em>\u00dcnnepelj\u00fck ezen a napon az \u00e1pol\u00f3kat!<\/em><\/strong><\/span><\/p>\n<p style=\"text-align: center;\"><span style=\"color: #0000ff;\">Gratul\u00e1lunk az int\u00e9zm\u00e9ny minden eg\u00e9szs\u00e9g\u00fcgyi asszisztens\u00e9nek. K\u00edv\u00e1nunk mindannyiuknak eg\u00e9szs\u00e9get, elismer\u00e9st, szakmai megval\u00f3s\u00edt\u00e1sokat \u00e9s beteljesed\u00e9st!<\/span><strong><em>\u00a0<\/em><\/strong><\/p>\n<p style=\"text-align: center;\"><span style=\"color: #0000ff;\"><strong><em>&#8220;Egy legyen benn\u00fcnk az akarat, felkeresni a szenved\u00e9st, s enyh\u00edteni azt&#8221;<\/em><\/strong><\/span><\/p>\n<p style=\"text-align: center;\"><span style=\"color: #0000ff;\"><strong><em>\u00a0\u00a0\u00a0\u00a0\u00a0\u00a0\u00a0\u00a0\u00a0\u00a0\u00a0\u00a0\u00a0\u00a0\u00a0\u00a0\u00a0\u00a0\u00a0\u00a0\u00a0\u00a0\u00a0\u00a0\u00a0\u00a0\u00a0\u00a0 \u00a0\u00a0\u00a0\u00a0\u00a0\u00a0\u00a0\u00a0\u00a0\u00a0\u00a0\u00a0\u00a0\u00a0\u00a0\u00a0\u00a0\u00a0\u00a0\u00a0\u00a0\u00a0\u00a0\u00a0\u00a0\u00a0\u00a0\u00a0\u00a0\u00a0\u00a0\u00a0\u00a0\u00a0\u00a0\u00a0\u00a0\u00a0\u00a0\u00a0\u00a0\u00a0\u00a0\u00a0\u00a0\u00a0\u00a0\u00a0\u00a0\u00a0\u00a0\u00a0\u00a0\u00a0\u00a0\u00a0\u00a0\u00a0\u00a0\u00a0\u00a0(Kossuth Zsuzsanna) <\/em><\/strong><\/span><\/p>\n","protected":false},"excerpt":{"rendered":"<p>M\u00e1jus 12. vil\u00e1gszerte az \u00c1pol\u00f3k Nemzetk\u00f6zi Napja \u00e9s az \u00c1pol\u00f3n\u0151k Vil\u00e1gnapja\u00a0annak eml\u00e9k\u00e9re, hogy 1820-ban ezen a napon sz\u00fcletett Florence Nightingale brit \u00e1pol\u00f3n\u0151, aki a szakm\u00e1t alapjaiban form\u00e1lta \u00e1t, hivat\u00e1ss\u00e1 tette. \u0150 volt, aki megfogalmazta:\u00a0&#8220;az \u00e1pol\u00f3n\u0151 munk\u00e1ja h\u00e1romszoros \u00e9rdekl\u0151d\u00e9st k\u00edv\u00e1n: szellemi \u00e9rdekl\u0151d\u00e9st az eset ir\u00e1nt, sz\u00edvbeli \u00e9rdekl\u0151d\u00e9st a beteg ember ir\u00e1nt, szakmai \u00e9rdekl\u0151d\u00e9st a gyakorlati munka [&hellip;]<\/p>\n","protected":false},"author":1,"featured_media":0,"comment_status":"closed","ping_status":"closed","sticky":false,"template":"","format":"standard","meta":[],"categories":[1],"tags":[],"_links":{"self":[{"href":"http:\/\/www.javorszky.hu\/wordpress\/index.php?rest_route=\/wp\/v2\/posts\/2726"}],"collection":[{"href":"http:\/\/www.javorszky.hu\/wordpress\/index.php?rest_route=\/wp\/v2\/posts"}],"about":[{"href":"http:\/\/www.javorszky.hu\/wordpress\/index.php?rest_route=\/wp\/v2\/types\/post"}],"author":[{"embeddable":true,"href":"http:\/\/www.javorszky.hu\/wordpress\/index.php?rest_route=\/wp\/v2\/users\/1"}],"replies":[{"embeddable":true,"href":"http:\/\/www.javorszky.hu\/wordpress\/index.php?rest_route=%2Fwp%2Fv2%2Fcomments&post=2726"}],"version-history":[{"count":9,"href":"http:\/\/www.javorszky.hu\/wordpress\/index.php?rest_route=\/wp\/v2\/posts\/2726\/revisions"}],"predecessor-version":[{"id":2736,"href":"http:\/\/www.javorszky.hu\/wordpress\/index.php?rest_route=\/wp\/v2\/posts\/2726\/revisions\/2736"}],"wp:attachment":[{"href":"http:\/\/www.javorszky.hu\/wordpress\/index.php?rest_route=%2Fwp%2Fv2%2Fmedia&parent=2726"}],"wp:term":[{"taxonomy":"category","embeddable":true,"href":"http:\/\/www.javorszky.hu\/wordpress\/index.php?rest_route=%2Fwp%2Fv2%2Fcategories&post=2726"},{"taxonomy":"post_tag","embeddable":true,"href":"http:\/\/www.javorszky.hu\/wordpress\/index.php?rest_route=%2Fwp%2Fv2%2Ftags&post=2726"}],"curies":[{"name":"wp","href":"https:\/\/api.w.org\/{rel}","templated":true}]}}