{"id":2742,"date":"2021-05-21T14:08:01","date_gmt":"2021-05-21T12:08:01","guid":{"rendered":"http:\/\/www.javorszky.hu\/wordpress\/?p=2742"},"modified":"2022-10-13T09:19:06","modified_gmt":"2022-10-13T07:19:06","slug":"latogatasi-tilalom-feloldasa-2020-05-21-tol-az-alabbiak-szerint","status":"publish","type":"post","link":"http:\/\/www.javorszky.hu\/wordpress\/?p=2742","title":{"rendered":"L\u00e1togat\u00e1si tilalom felold\u00e1sa 2021.05.21-t\u0151l az al\u00e1bbiak szerint:"},"content":{"rendered":"<p><span style=\"font-size: 12pt;\">.<br \/>\n<a href=\"http:\/\/www.javorszky.hu\/wordpress\/wp-content\/uploads\/2021\/05\/L\u00e1togat\u00e1si-ti\u00e9a\u00e9om-face.png\"><img loading=\"lazy\" class=\"alignleft wp-image-2748 \" src=\"http:\/\/www.javorszky.hu\/wordpress\/wp-content\/uploads\/2021\/05\/L\u00e1togat\u00e1si-ti\u00e9a\u00e9om-face-300x261.png\" alt=\"L\u00e1togat\u00e1si ti\u00e9a\u00e9om-face\" width=\"286\" height=\"249\" srcset=\"http:\/\/www.javorszky.hu\/wordpress\/wp-content\/uploads\/2021\/05\/L\u00e1togat\u00e1si-ti\u00e9a\u00e9om-face-300x261.png 300w, http:\/\/www.javorszky.hu\/wordpress\/wp-content\/uploads\/2021\/05\/L\u00e1togat\u00e1si-ti\u00e9a\u00e9om-face.png 904w\" sizes=\"(max-width: 286px) 100vw, 286px\" \/><\/a>T\u00e1j\u00e9koztatjuk \u00d6n\u00f6ket, hogy a megfelel\u0151 o\u0301vinte\u0301zkede\u0301sek betart\u00e1s\u00e1val int\u00e9zm\u00e9ny\u00fcnkben is felold\u00e1sra ker\u00fclt a l\u00e1togat\u00e1si tilalom a mai napt\u00f3l. (2021-05-21)<\/span><\/p>\n<p><span style=\"font-size: 12pt;\">\u00a0-A l\u00e1togat\u00e1s felt\u00e9tele, hogy a l\u00e1togat\u00f3 \u00e9rv\u00e9nyes v\u00e9detts\u00e9gi igazolv\u00e1nnyal, vagy v\u00e9detts\u00e9gi igazolv\u00e1ny hi\u00e1ny\u00e1ban a l\u00e1togat\u00e1st megel\u0151z\u0151 48 \u00f3r\u00e1n bel\u00fcl t\u00f6rt\u00e9nt mintav\u00e9telez\u00e9s ut\u00e1n v\u00e9gzett negat\u00edv eredm\u00e9ny\u0171 SARS-CoV-2 PCR teszttel rendelkezzen, amely a 18 \u00e9v alattiakra is vonatkozik.<\/span><\/p>\n<p><span style=\"font-size: 12pt;\">-A l\u00e1togat\u00f3 a l\u00e1togat\u00e1shoz val\u00f3 jogosults\u00e1g\u00e1t a k\u00f3rh\u00e1z bej\u00e1rat\u00e1n\u00e1l a biztons\u00e1gi szolg\u00e1lat ellen\u0151rzi.<\/span><\/p>\n<p><span style=\"font-size: 12pt;\">-Egy beteghez naponta egy l\u00e1togat\u00f3 mehet be, maximum 60 perces id\u0151tartamra.<\/span><\/p>\n<p><span style=\"font-size: 12pt;\">-A COVID-19 fert\u0151z\u00e9s vagy annak gyan\u00faja miatti betegek &#8211; az E\u00fctv. 11. \u00a7 (3)-(6)<\/span><br \/>\n<span style=\"font-size: 12pt;\"> bekezd\u00e9sben meghat\u00e1rozott esetek kiv\u00e9tel\u00e9vel &#8211; NEM L\u00c1TOGATHAT\u00d3AK<\/span><\/p>\n<p><span style=\"font-size: 12pt;\">-Biztos\u00edtani kell, hogy a betegek \u00e9s a hozz\u00e1tartoz\u00f3k a fert\u0151z\u00e9sek terjed\u00e9s\u00e9nek megakad\u00e1lyoz\u00e1sa \u00e9rdek\u00e9ben hozott int\u00e9zked\u00e9sek betart\u00e1s\u00e1ban, v\u00e9grehajt\u00e1s\u00e1ban egy\u00fcttm\u0171k\u00f6djenek.<\/span><\/p>\n<p><span style=\"font-size: 12pt;\">-Az eg\u00e9szs\u00e9g\u00fcgyi int\u00e9zm\u00e9nybe t\u00f6rt\u00e9n\u0151 bel\u00e9p\u00e9skor testh\u0151m\u00e9rs\u00e9klet m\u00e9r\u00e9s sz\u00fcks\u00e9ges.<\/span><\/p>\n<p><span style=\"font-size: 12pt;\">-A l\u00e1togat\u00f3k sz\u00e1m\u00e1ra is k\u00f6telez\u0151 a fert\u0151z\u00e9sek terjed\u00e9s\u00e9nek megakad\u00e1lyoz\u00e1sa \u00e9rdek\u00e9ben hozott int\u00e9zked\u00e9sek betart\u00e1sa: az int\u00e9zm\u00e9ny teljes ter\u00fclet\u00e9n a sz\u00e1jat \u00e9s orrot eltakar\u00f3 maszk visel\u00e9se, t\u00e1vols\u00e1gtart\u00e1s, valamint a k\u00e9zfert\u0151tlen\u00edt\u0151 k\u00e9sz\u00fcl\u00e9kek haszn\u00e1lata be- \u00e9s kil\u00e9p\u00e9skor.<\/span><\/p>\n<p><span style=\"font-size: 12pt;\">\u00a0<\/span><\/p>\n<p style=\"text-align: center;\"><span style=\"color: #ff0000; font-size: 12pt;\"><strong>A l\u00e1togat\u00e1si id\u0151 naponta 15:00-18:00 k\u00f6z\u00f6tt<\/strong><\/span><\/p>\n<p style=\"text-align: center;\"><span style=\"color: #ff0000; font-size: 12pt;\"><strong>K\u00e9rj\u00fck a l\u00e1togat\u00e1si id\u0151 pontos betart\u00e1s\u00e1t.<\/strong><\/span><\/p>\n<p><span style=\"font-size: 12pt;\"><strong>\u00a0<\/strong><\/span><\/p>\n<p><span style=\"font-size: 12pt;\">A csomagok bevitel\u00e9re vonatkoz\u00f3 szab\u00e1lyok: a betegeknek sz\u00e1nt csomagok lead\u00e1s\u00e1ra tov\u00e1bbra is van lehet\u0151s\u00e9g a k\u00fcls\u0151 port\u00e1n, naponta 15-18 \u00f3ra k\u00f6z\u00f6tt. A csomagok azonos\u00edt\u00e1sa sz\u00fcks\u00e9ges (beteg neve, sz\u00fclet\u00e9si \u00e9ve \u00e9s az oszt\u00e1ly neve)<\/span><\/p>\n<p><span style=\"font-size: 12pt;\">\u00a0<\/span><\/p>\n<p><span style=\"font-size: 12pt;\">Amennyiben a beteg \u00e1llapota \u00e9s az int\u00e9zm\u00e9ny adotts\u00e1gai megengedik, az id\u0151j\u00e1r\u00e1s f\u00fcggv\u00e9ny\u00e9ben lehet\u0151s\u00e9g szerint szabadt\u00e9ren t\u00f6rt\u00e9njen a l\u00e1togat\u00e1s, ebben az esetben nincs korl\u00e1tozva a l\u00e1togat\u00f3k sz\u00e1ma.<\/span><\/p>\n<p><span style=\"font-size: 12pt;\">\u00a0<\/span><\/p>\n<p><span style=\"font-size: 12pt;\">\u00a0<\/span><\/p>\n<p>&nbsp;<\/p>\n<p>&nbsp;<\/p>\n","protected":false},"excerpt":{"rendered":"<p>. T\u00e1j\u00e9koztatjuk \u00d6n\u00f6ket, hogy a megfelel\u0151 o\u0301vinte\u0301zkede\u0301sek betart\u00e1s\u00e1val int\u00e9zm\u00e9ny\u00fcnkben is felold\u00e1sra ker\u00fclt a l\u00e1togat\u00e1si tilalom a mai napt\u00f3l. (2021-05-21) \u00a0-A l\u00e1togat\u00e1s felt\u00e9tele, hogy a l\u00e1togat\u00f3 \u00e9rv\u00e9nyes v\u00e9detts\u00e9gi igazolv\u00e1nnyal, vagy v\u00e9detts\u00e9gi igazolv\u00e1ny hi\u00e1ny\u00e1ban a l\u00e1togat\u00e1st megel\u0151z\u0151 48 \u00f3r\u00e1n bel\u00fcl t\u00f6rt\u00e9nt mintav\u00e9telez\u00e9s ut\u00e1n v\u00e9gzett negat\u00edv eredm\u00e9ny\u0171 SARS-CoV-2 PCR teszttel rendelkezzen, amely a 18 \u00e9v alattiakra is vonatkozik. [&hellip;]<\/p>\n","protected":false},"author":1,"featured_media":0,"comment_status":"closed","ping_status":"closed","sticky":false,"template":"","format":"standard","meta":[],"categories":[1],"tags":[],"_links":{"self":[{"href":"http:\/\/www.javorszky.hu\/wordpress\/index.php?rest_route=\/wp\/v2\/posts\/2742"}],"collection":[{"href":"http:\/\/www.javorszky.hu\/wordpress\/index.php?rest_route=\/wp\/v2\/posts"}],"about":[{"href":"http:\/\/www.javorszky.hu\/wordpress\/index.php?rest_route=\/wp\/v2\/types\/post"}],"author":[{"embeddable":true,"href":"http:\/\/www.javorszky.hu\/wordpress\/index.php?rest_route=\/wp\/v2\/users\/1"}],"replies":[{"embeddable":true,"href":"http:\/\/www.javorszky.hu\/wordpress\/index.php?rest_route=%2Fwp%2Fv2%2Fcomments&post=2742"}],"version-history":[{"count":9,"href":"http:\/\/www.javorszky.hu\/wordpress\/index.php?rest_route=\/wp\/v2\/posts\/2742\/revisions"}],"predecessor-version":[{"id":2753,"href":"http:\/\/www.javorszky.hu\/wordpress\/index.php?rest_route=\/wp\/v2\/posts\/2742\/revisions\/2753"}],"wp:attachment":[{"href":"http:\/\/www.javorszky.hu\/wordpress\/index.php?rest_route=%2Fwp%2Fv2%2Fmedia&parent=2742"}],"wp:term":[{"taxonomy":"category","embeddable":true,"href":"http:\/\/www.javorszky.hu\/wordpress\/index.php?rest_route=%2Fwp%2Fv2%2Fcategories&post=2742"},{"taxonomy":"post_tag","embeddable":true,"href":"http:\/\/www.javorszky.hu\/wordpress\/index.php?rest_route=%2Fwp%2Fv2%2Ftags&post=2742"}],"curies":[{"name":"wp","href":"https:\/\/api.w.org\/{rel}","templated":true}]}}