{"id":2913,"date":"2021-10-31T17:32:30","date_gmt":"2021-10-31T16:32:30","guid":{"rendered":"http:\/\/www.javorszky.hu\/wordpress\/?p=2913"},"modified":"2022-10-13T09:18:45","modified_gmt":"2022-10-13T07:18:45","slug":"halottak-napi-megemlekezes-a-korhazban","status":"publish","type":"post","link":"http:\/\/www.javorszky.hu\/wordpress\/?p=2913","title":{"rendered":"Halottak napi megeml\u00e9kez\u00e9s a k\u00f3rh\u00e1zban."},"content":{"rendered":"\n<figure class=\"wp-container-2 wp-block-gallery-1 wp-block-gallery aligncenter columns-3 is-cropped\"><ul class=\"blocks-gallery-grid\"><li class=\"blocks-gallery-item\"><figure><a href=\"http:\/\/www.javorszky.hu\/wordpress\/wp-content\/uploads\/2021\/11\/5.jpg\"><img loading=\"lazy\" width=\"2399\" height=\"1535\" src=\"http:\/\/www.javorszky.hu\/wordpress\/wp-content\/uploads\/2021\/11\/5-1024x655.jpg\" alt=\"\" data-id=\"2914\" data-full-url=\"http:\/\/www.javorszky.hu\/wordpress\/wp-content\/uploads\/2021\/11\/5.jpg\" data-link=\"http:\/\/www.javorszky.hu\/wordpress\/?attachment_id=2914\" class=\"wp-image-2914\" srcset=\"http:\/\/www.javorszky.hu\/wordpress\/wp-content\/uploads\/2021\/11\/5-1024x655.jpg 1024w, http:\/\/www.javorszky.hu\/wordpress\/wp-content\/uploads\/2021\/11\/5-300x192.jpg 300w, http:\/\/www.javorszky.hu\/wordpress\/wp-content\/uploads\/2021\/11\/5-768x491.jpg 768w, http:\/\/www.javorszky.hu\/wordpress\/wp-content\/uploads\/2021\/11\/5-1536x983.jpg 1536w, http:\/\/www.javorszky.hu\/wordpress\/wp-content\/uploads\/2021\/11\/5-2048x1310.jpg 2048w, http:\/\/www.javorszky.hu\/wordpress\/wp-content\/uploads\/2021\/11\/5-945x605.jpg 945w\" sizes=\"(max-width: 2399px) 100vw, 2399px\" \/><\/a><\/figure><\/li><li class=\"blocks-gallery-item\"><figure><a href=\"http:\/\/www.javorszky.hu\/wordpress\/wp-content\/uploads\/2021\/11\/7.jpg\"><img loading=\"lazy\" width=\"1024\" height=\"626\" src=\"http:\/\/www.javorszky.hu\/wordpress\/wp-content\/uploads\/2021\/11\/7-1024x626.jpg\" alt=\"\" data-id=\"2915\" data-full-url=\"http:\/\/www.javorszky.hu\/wordpress\/wp-content\/uploads\/2021\/11\/7.jpg\" data-link=\"http:\/\/www.javorszky.hu\/wordpress\/?attachment_id=2915\" class=\"wp-image-2915\" srcset=\"http:\/\/www.javorszky.hu\/wordpress\/wp-content\/uploads\/2021\/11\/7-1024x626.jpg 1024w, http:\/\/www.javorszky.hu\/wordpress\/wp-content\/uploads\/2021\/11\/7-300x183.jpg 300w, http:\/\/www.javorszky.hu\/wordpress\/wp-content\/uploads\/2021\/11\/7-768x470.jpg 768w, http:\/\/www.javorszky.hu\/wordpress\/wp-content\/uploads\/2021\/11\/7-1536x939.jpg 1536w, http:\/\/www.javorszky.hu\/wordpress\/wp-content\/uploads\/2021\/11\/7-2048x1252.jpg 2048w, http:\/\/www.javorszky.hu\/wordpress\/wp-content\/uploads\/2021\/11\/7-945x578.jpg 945w\" sizes=\"(max-width: 1024px) 100vw, 1024px\" \/><\/a><\/figure><\/li><li class=\"blocks-gallery-item\"><figure><a href=\"http:\/\/www.javorszky.hu\/wordpress\/wp-content\/uploads\/2021\/11\/9.jpg\"><img loading=\"lazy\" width=\"725\" height=\"1024\" src=\"http:\/\/www.javorszky.hu\/wordpress\/wp-content\/uploads\/2021\/11\/9-725x1024.jpg\" alt=\"\" data-id=\"2916\" data-full-url=\"http:\/\/www.javorszky.hu\/wordpress\/wp-content\/uploads\/2021\/11\/9.jpg\" data-link=\"http:\/\/www.javorszky.hu\/wordpress\/?attachment_id=2916\" class=\"wp-image-2916\" srcset=\"http:\/\/www.javorszky.hu\/wordpress\/wp-content\/uploads\/2021\/11\/9-725x1024.jpg 725w, http:\/\/www.javorszky.hu\/wordpress\/wp-content\/uploads\/2021\/11\/9-212x300.jpg 212w, http:\/\/www.javorszky.hu\/wordpress\/wp-content\/uploads\/2021\/11\/9-768x1085.jpg 768w, http:\/\/www.javorszky.hu\/wordpress\/wp-content\/uploads\/2021\/11\/9-1088x1536.jpg 1088w, http:\/\/www.javorszky.hu\/wordpress\/wp-content\/uploads\/2021\/11\/9-1450x2048.jpg 1450w, http:\/\/www.javorszky.hu\/wordpress\/wp-content\/uploads\/2021\/11\/9-945x1334.jpg 945w, http:\/\/www.javorszky.hu\/wordpress\/wp-content\/uploads\/2021\/11\/9.jpg 1536w\" sizes=\"(max-width: 725px) 100vw, 725px\" \/><\/a><\/figure><\/li><\/ul><\/figure>\n\n\n\n<p>K\u00f3rh\u00e1zi dolgoz\u00f3k, lelkigondoz\u00f3k, \u00f6nk\u00e9ntesek egy\u00fctt eml\u00e9keztek halottak napj\u00e1n, november 2-\u00e1n elhunyt szeretteikr\u0151l, ismer\u0151seikr\u0151l a J\u00e1vorszky \u00d6d\u00f6n K\u00f3rh\u00e1z aul\u00e1j\u00e1ba. A m\u0171sort a V\u00e1ci Egyh\u00e1zmegye K\u00f3rh\u00e1zlelk\u00e9szi Szolg\u00e1lat\u00e1nak lelkigondoz\u00f3i \u00e9s \u00f6nk\u00e9ntesei \u00e1ll\u00edtott\u00e1k \u00f6ssze \u00e9s adt\u00e1k el\u0151.<\/p>\n\n\n\n<p>November elsejei Mindenszenteket k\u00f6vet\u0151 napon gyerty\u00e1t, m\u00e9csest gy\u00fajtunk elhunyt szeretteink eml\u00e9k\u00e9re. Ez az \u00fcnnepnap nem csup\u00e1n a katolikus egyh\u00e1z \u00fcnnepnapja, hanem felekezett\u0151l f\u00fcggetlen\u00fcl az elhunytakr\u00f3l val\u00f3 megeml\u00e9kez\u00e9s napja.<\/p>\n\n\n\n<p>A megeml\u00e9kez\u00e9s gyerty\u00e1it k\u00f6z\u00f6sen gy\u00fajtotta meg Dr. Urb\u00e1n Edina f\u0151igazgat\u00f3 f\u0151orvos \u00e9s Farag\u00f3 Art\u00far k\u00f3rh\u00e1zlelk\u00e9sz. F\u00e9nyesen vil\u00e1g\u00edtsanak az eml\u00e9kez\u00e9s l\u00e1ngjai.<\/p>\n","protected":false},"excerpt":{"rendered":"<p>K\u00f3rh\u00e1zi dolgoz\u00f3k, lelkigondoz\u00f3k, \u00f6nk\u00e9ntesek egy\u00fctt eml\u00e9keztek halottak napj\u00e1n, november 2-\u00e1n elhunyt szeretteikr\u0151l, ismer\u0151seikr\u0151l a J\u00e1vorszky \u00d6d\u00f6n K\u00f3rh\u00e1z aul\u00e1j\u00e1ba. A m\u0171sort a V\u00e1ci Egyh\u00e1zmegye K\u00f3rh\u00e1zlelk\u00e9szi Szolg\u00e1lat\u00e1nak lelkigondoz\u00f3i \u00e9s \u00f6nk\u00e9ntesei \u00e1ll\u00edtott\u00e1k \u00f6ssze \u00e9s adt\u00e1k el\u0151. November elsejei Mindenszenteket k\u00f6vet\u0151 napon gyerty\u00e1t, m\u00e9csest gy\u00fajtunk elhunyt szeretteink eml\u00e9k\u00e9re. Ez az \u00fcnnepnap nem csup\u00e1n a katolikus egyh\u00e1z \u00fcnnepnapja, hanem felekezett\u0151l [&hellip;]<\/p>\n","protected":false},"author":1,"featured_media":0,"comment_status":"closed","ping_status":"closed","sticky":false,"template":"","format":"standard","meta":[],"categories":[1],"tags":[],"_links":{"self":[{"href":"http:\/\/www.javorszky.hu\/wordpress\/index.php?rest_route=\/wp\/v2\/posts\/2913"}],"collection":[{"href":"http:\/\/www.javorszky.hu\/wordpress\/index.php?rest_route=\/wp\/v2\/posts"}],"about":[{"href":"http:\/\/www.javorszky.hu\/wordpress\/index.php?rest_route=\/wp\/v2\/types\/post"}],"author":[{"embeddable":true,"href":"http:\/\/www.javorszky.hu\/wordpress\/index.php?rest_route=\/wp\/v2\/users\/1"}],"replies":[{"embeddable":true,"href":"http:\/\/www.javorszky.hu\/wordpress\/index.php?rest_route=%2Fwp%2Fv2%2Fcomments&post=2913"}],"version-history":[{"count":1,"href":"http:\/\/www.javorszky.hu\/wordpress\/index.php?rest_route=\/wp\/v2\/posts\/2913\/revisions"}],"predecessor-version":[{"id":2917,"href":"http:\/\/www.javorszky.hu\/wordpress\/index.php?rest_route=\/wp\/v2\/posts\/2913\/revisions\/2917"}],"wp:attachment":[{"href":"http:\/\/www.javorszky.hu\/wordpress\/index.php?rest_route=%2Fwp%2Fv2%2Fmedia&parent=2913"}],"wp:term":[{"taxonomy":"category","embeddable":true,"href":"http:\/\/www.javorszky.hu\/wordpress\/index.php?rest_route=%2Fwp%2Fv2%2Fcategories&post=2913"},{"taxonomy":"post_tag","embeddable":true,"href":"http:\/\/www.javorszky.hu\/wordpress\/index.php?rest_route=%2Fwp%2Fv2%2Ftags&post=2913"}],"curies":[{"name":"wp","href":"https:\/\/api.w.org\/{rel}","templated":true}]}}