{"id":3489,"date":"2022-06-01T10:19:44","date_gmt":"2022-06-01T08:19:44","guid":{"rendered":"http:\/\/www.javorszky.hu\/wordpress\/?p=3489"},"modified":"2022-11-23T10:55:04","modified_gmt":"2022-11-23T09:55:04","slug":"elojegyzes-informaciok","status":"publish","type":"post","link":"http:\/\/www.javorszky.hu\/wordpress\/?p=3489","title":{"rendered":"El\u0151jegyz\u00e9s inform\u00e1ci\u00f3k"},"content":{"rendered":"\n<p><\/p>\n\n\n\n<p><span style=\"font-size: 12pt;\"><strong><span class=\"has-inline-color has-vivid-cyan-blue-color\"> Szem\u00e9lyesen:<\/span><\/strong> a Szakrendel\u0151ben a  Kartonoz\u00f3ban, munkanapokon&nbsp;<strong>07:00-14:45<\/strong>-ig.<\/span><\/p>\n\n\n\n<p><mark style=\"background-color:rgba(0, 0, 0, 0)\" class=\"has-inline-color has-vivid-cyan-blue-color\"><strong>Telefonos el\u0151jegyz\u00e9s<\/strong> <\/mark><strong>munkanapokon\u00a0<\/strong> \u00a0<strong>07:00-14:45 -ig:\u00a0 \u00a0 \u00a0<\/strong><\/p>\n\n\n\n<h3><strong><span class=\"has-inline-color has-vivid-cyan-blue-color\">(06-27) 620-676,&nbsp;(06-27) 620-677<\/span><\/strong><\/h3>\n\n\n\n<p><\/p>\n\n\n\n<p><span style=\"font-size: 12pt;\"><span class=\"has-inline-color has-vivid-cyan-blue-color\"> <\/span><strong><span class=\"has-inline-color has-black-color\">I<\/span>d\u0151pont egyeztet\u00e9s eset\u00e9n munkat\u00e1rsunk az al\u00e1bbi adatokat fogja \u00d6nt\u0151l k\u00e9rni:<\/strong><\/span><\/p>\n\n\n\n<p><span style=\"font-size: 12pt;\"><strong><span class=\"has-inline-color has-vivid-cyan-blue-color\">Nem beutal\u00f3k\u00f6teles szakrendel\u00e9sre val\u00f3 bejelentkez\u00e9s eset\u00e9n: <\/span><\/strong><\/span><\/p>\n\n\n\n<ul><li><strong><span style=\"font-size: 12pt;\">N\u00e9v<\/span><\/strong><\/li><li><strong><span style=\"font-size: 12pt;\">TAJ sz\u00e1m<\/span><\/strong><\/li><li><strong>S<span style=\"font-size: 12pt;\">z\u00fclet\u00e9si id<\/span>\u0151<\/strong><\/li><li><strong><span style=\"font-size: 12pt;\">Lakc\u00edm<\/span><\/strong><\/li><li><strong><span style=\"font-size: 12pt;\"> El\u00e9rhet\u0151s\u00e9g (telefonsz\u00e1m)<\/span><\/strong><\/li><\/ul>\n\n\n\n<p><\/p>\n\n\n\n<p><span style=\"font-size: 12pt;\"><strong><span class=\"has-inline-color has-vivid-cyan-blue-color\">Beutal\u00f3k\u00f6teles szakrendel\u00e9sre val\u00f3 bejelentkez\u00e9s eset\u00e9n <\/span><\/strong><\/span><\/p>\n\n\n\n<ul><li><strong><span style=\"font-size: 12pt;\">N\u00e9v<\/span><\/strong><\/li><li><strong><span style=\"font-size: 12pt;\">TAJ sz\u00e1m<\/span><\/strong><\/li><li><strong>S<span style=\"font-size: 12pt;\">z\u00fclet\u00e9si id<\/span>\u0151<\/strong><\/li><li><strong><span style=\"font-size: 12pt;\">Lakc\u00edm<\/span><\/strong><\/li><li><strong><span style=\"font-size: 12pt;\"> El\u00e9rhet\u0151s\u00e9g (telefonsz\u00e1m)<\/span><\/strong><\/li><li><strong><span style=\"font-size: 12pt;\">A beutal\u00f3 int\u00e9zm\u00e9ny 9 jegy\u0171 azonos\u00edt\u00f3ja<\/span><\/strong><\/li><li><strong><span style=\"font-size: 12pt;\">Napl\u00f3sz\u00e1m<\/span><\/strong><\/li><li><strong><span style=\"font-size: 12pt;\"> A beutal\u00f3 orvos pecs\u00e9tsz\u00e1m<\/span>a<\/strong><\/li><\/ul>\n\n\n\n<p> <\/p>\n\n\n\n<p><span style=\"font-size: 12pt;\">A <a href=\"http:\/\/www.javorszky.hu\/rendelesiidok.htm\"><strong>Rendel\u00e9si id\u0151k<\/strong><\/a> men\u00fcpontra kattintva megtekintheti, hogy az \u00d6n \u00e1ltal ig\u00e9nybe venni k\u00edv\u00e1nt szakrendel\u00e9s beutal\u00f3k\u00f6teles-e.<\/span><\/p>\n\n\n\n<h3><mark style=\"background-color:rgba(0, 0, 0, 0)\" class=\"has-inline-color has-black-color\">E-mailben is van lehet\u0151s\u00e9g id\u0151pontfoglal\u00e1sra:<\/mark><mark style=\"background-color:rgba(0, 0, 0, 0)\" class=\"has-inline-color has-vivid-cyan-blue-color\"> &#x65;&#x6c;&#x6f;&#x6a;&#x65;&#x67;&#x79;&#x7a;&#x65;&#x73;&#x40;&#x6a;&#x61;&#x76;&#111;&#114;&#115;&#122;&#107;&#121;&#46;&#104;&#117;<\/mark><\/h3>\n\n\n\n<p><\/p>\n\n\n\n<p><\/p>\n\n\n\n<h3><mark style=\"background-color:rgba(0, 0, 0, 0)\" class=\"has-inline-color has-vivid-cyan-blue-color\">Az al\u00e1bbi szakrendel\u00e9sekre el\u0151jegyz\u00e9s k\u00e9r\u00e9se az al\u00e1bbi telefonsz\u00e1mokon t\u00f6rt\u00e9nik:<\/mark><\/h3>\n\n\n\n<p><span style=\"font-size: 12pt;\"><span class=\"has-inline-color has-vivid-cyan-blue-color\"><strong>CT<\/strong>&nbsp;<strong>vizsg\u00e1lat el\u0151jegyz\u00e9s:<\/strong><\/span><br> (06-27) 620-620 \/ 1189-es mell\u00e9k<\/span> (8:00-14:00-ig)<\/p>\n\n\n\n<p><span style=\"font-size: 12pt;\"><strong><span class=\"has-inline-color has-vivid-cyan-blue-color\">RTG, Ultrahang el\u0151jegyz\u00e9s:<\/span><\/strong><br> (06-27) 620-620 \/ 1497-es mell\u00e9k  (8:00-14:00-ig) <\/span><\/p>\n\n\n\n<p><span style=\"font-size: 12pt;\"><strong><em>Ultrahang beutal\u00f3val rendelkez\u0151 p\u00e1cienseink minden h\u00f3nap 10. &#8211; \u00e9t\u0151l folyamatosan k\u00e9rhetnek id\u0151pontot a k\u00f6vetkez\u0151 h\u00f3napban rendelkez\u00e9sre \u00e1ll\u00f3 szabad helyek erej\u00e9ig.<\/em><\/strong><\/span><\/p>\n\n\n\n<p><span style=\"font-size: 12pt;\"><strong><span class=\"has-inline-color has-vivid-cyan-blue-color\">Mammogr\u00e1fia:<\/span><\/strong> (06-27) 620-620 \/ 1436-os mell\u00e9k: <strong>minden h\u00f3nap els\u0151 h\u00e9tf\u0151j\u00e9n 8:00-<\/strong><\/span><strong>12:00 k\u00f6z\u00f6tt<\/strong><\/p>\n\n\n\n<p><span style=\"font-size: 12pt;\"><strong><span class=\"has-inline-color has-vivid-cyan-blue-color\">T\u00fcd\u0151gondoz\u00f3:<\/span><\/strong>&nbsp;(06-27) 311-796 <\/span><\/p>\n\n\n\n<hr class=\"wp-block-separator has-css-opacity\"\/>\n\n\n\n<h2><mark style=\"background-color:rgba(0, 0, 0, 0)\" class=\"has-inline-color has-vivid-cyan-blue-color\">Labor id\u0151pontfoglal\u00e1s<\/mark><\/h2>\n\n\n\n<p>T\u00e1j\u00e9koztatjuk a tisztelt lakoss\u00e1got, hogy a&nbsp;<strong>laborat\u00f3riumot \u00fczemeltet\u0151 &nbsp;Synlab Kft. szolg\u00e1ltat\u00e1sainak el\u00e9r\u00e9se 2020.07. 08-t\u00f3l megv\u00e1ltozik.<\/strong>&nbsp;<\/p>\n\n\n\n<p><strong>A<\/strong>&nbsp;<strong> laborat\u00f3riumba beutalt betegek sz\u00e1m\u00e1ra az id\u0151pontfoglal\u00e1s&nbsp;<\/strong>\u2013 a s\u00fcrg\u0151ss\u00e9gi eseteket kiv\u00e9ve \u2013<strong>&nbsp;k\u00f6telez\u0151<\/strong>. (A s\u00fcrg\u0151ss\u00e9gi ig\u00e9nyt a beutal\u00f3 orvosnak kell hitelesen igazolnia a k\u00e9r\u0151lapon pecs\u00e9tj\u00e9vel \u00e9s al\u00e1\u00edr\u00e1s\u00e1val. S\u00fcrg\u0151ss\u00e9ggel csak a vizsg\u00e1latok meghat\u00e1rozott k\u00f6re vehet\u0151 ig\u00e9nybe.)<br><strong>Hozott minta 7:00-9:00 \u00f3ra k\u00f6z\u00f6tt adhat\u00f3 le<\/strong>&nbsp;\u2013 ha a minta lev\u00e9tele nem a laborat\u00f3riumban t\u00f6rt\u00e9nik, id\u0151pontfoglal\u00e1s nem sz\u00fcks\u00e9ges.<br>A foglalt id\u0151pont t\u00e1j\u00e9koztat\u00f3 jelleg\u0171. Lehet, hogy a p\u00e1ciens k\u00e9s\u0151bb ker\u00fcl beh\u00edv\u00e1sra. Az id\u0151pontfoglal\u00e1s ir\u00e1nymutat\u00e1s, arra vonatkoz\u00f3an, hogy a p\u00e1ciens mikor \u00e9rkezzen a laborat\u00f3riumba a v\u00e1rakoz\u00e1si id\u0151 minimaliz\u00e1l\u00e1sa \u00e9rdek\u00e9ben.<\/p>\n\n\n\n<p><strong><span class=\"has-inline-color has-vivid-cyan-blue-color\">Az id\u0151pont foglal\u00e1s m\u00f3djai:<\/span><\/strong><\/p>\n\n\n\n<p><mark style=\"background-color:rgba(0, 0, 0, 0)\" class=\"has-inline-color has-vivid-cyan-blue-color\"><strong>Online\u00a0id\u0151pontfoglal\u00e1s<\/strong>: <\/mark>a\u00a0<strong><a href=\"https:\/\/www.synlab.hu\/booking\/locations\/119\/services\/8\/opening-hours\">https:\/\/www.synlab.hu\/booking\/locations\/119\/services\/8\/opening-hours<\/a>\u00a0<\/strong>c\u00edmen lehets\u00e9ges. Az id\u0151pontok t\u00f6bbs\u00e9ge csak online \u00e9rhet\u0151 el.<\/p>\n\n\n\n<p><strong><span class=\"has-inline-color has-vivid-cyan-blue-color\">Telefonos&nbsp;id\u0151pontfoglal\u00e1s <\/span><span class=\"has-inline-color has-black-color\">munkanapon<\/span><\/strong>&nbsp;<strong>11:00 \u2013 13:30 \u00f3ra k\u00f6z\u00f6tt, a 06 30&nbsp;498 5115 sz\u00e1mon<\/strong>&nbsp;lehets\u00e9ges (a j\u00e1r\u00f3beteg szakell\u00e1t\u00e1s k\u00f6zponti el\u0151jegyz\u00e9si telefonsz\u00e1main nem tudnak id\u0151pontot adni, csak a laborat\u00f3rium \u00e1ltal megadott el\u00e9rhet\u0151s\u00e9gen). <\/p>\n\n\n\n<p><strong><em>Csak telefonon lehet bejelentkezni terhel\u00e9ses vizsg\u00e1latokra.<\/em><\/strong> <\/p>\n\n\n\n<p>A telefonos bejelentkez\u00e9s a vonal zs\u00fafolts\u00e1ga miatt korl\u00e1tozott.<\/p>\n\n\n\n<p>A laborat\u00f3rium nev\u00e9ben, az egy\u00fcttm\u0171k\u00f6d\u00e9s\u00fcket \u00e9s meg\u00e9rt\u00e9s\u00fcket ez\u00faton is k\u00f6sz\u00f6nj\u00fck!<\/p>\n","protected":false},"excerpt":{"rendered":"<p>Szem\u00e9lyesen: a Szakrendel\u0151ben a Kartonoz\u00f3ban, munkanapokon&nbsp;07:00-14:45-ig. Telefonos el\u0151jegyz\u00e9s munkanapokon\u00a0 \u00a007:00-14:45 -ig:\u00a0 \u00a0 \u00a0 (06-27) 620-676,&nbsp;(06-27) 620-677 Id\u0151pont egyeztet\u00e9s eset\u00e9n munkat\u00e1rsunk az al\u00e1bbi adatokat fogja \u00d6nt\u0151l k\u00e9rni: Nem beutal\u00f3k\u00f6teles szakrendel\u00e9sre val\u00f3 bejelentkez\u00e9s eset\u00e9n: N\u00e9v TAJ sz\u00e1m Sz\u00fclet\u00e9si id\u0151 Lakc\u00edm El\u00e9rhet\u0151s\u00e9g (telefonsz\u00e1m) Beutal\u00f3k\u00f6teles szakrendel\u00e9sre val\u00f3 bejelentkez\u00e9s eset\u00e9n N\u00e9v TAJ sz\u00e1m Sz\u00fclet\u00e9si id\u0151 Lakc\u00edm El\u00e9rhet\u0151s\u00e9g (telefonsz\u00e1m) A beutal\u00f3 [&hellip;]<\/p>\n","protected":false},"author":5,"featured_media":0,"comment_status":"closed","ping_status":"closed","sticky":false,"template":"","format":"standard","meta":[],"categories":[14],"tags":[],"_links":{"self":[{"href":"http:\/\/www.javorszky.hu\/wordpress\/index.php?rest_route=\/wp\/v2\/posts\/3489"}],"collection":[{"href":"http:\/\/www.javorszky.hu\/wordpress\/index.php?rest_route=\/wp\/v2\/posts"}],"about":[{"href":"http:\/\/www.javorszky.hu\/wordpress\/index.php?rest_route=\/wp\/v2\/types\/post"}],"author":[{"embeddable":true,"href":"http:\/\/www.javorszky.hu\/wordpress\/index.php?rest_route=\/wp\/v2\/users\/5"}],"replies":[{"embeddable":true,"href":"http:\/\/www.javorszky.hu\/wordpress\/index.php?rest_route=%2Fwp%2Fv2%2Fcomments&post=3489"}],"version-history":[{"count":7,"href":"http:\/\/www.javorszky.hu\/wordpress\/index.php?rest_route=\/wp\/v2\/posts\/3489\/revisions"}],"predecessor-version":[{"id":5302,"href":"http:\/\/www.javorszky.hu\/wordpress\/index.php?rest_route=\/wp\/v2\/posts\/3489\/revisions\/5302"}],"wp:attachment":[{"href":"http:\/\/www.javorszky.hu\/wordpress\/index.php?rest_route=%2Fwp%2Fv2%2Fmedia&parent=3489"}],"wp:term":[{"taxonomy":"category","embeddable":true,"href":"http:\/\/www.javorszky.hu\/wordpress\/index.php?rest_route=%2Fwp%2Fv2%2Fcategories&post=3489"},{"taxonomy":"post_tag","embeddable":true,"href":"http:\/\/www.javorszky.hu\/wordpress\/index.php?rest_route=%2Fwp%2Fv2%2Ftags&post=3489"}],"curies":[{"name":"wp","href":"https:\/\/api.w.org\/{rel}","templated":true}]}}