{"id":5189,"date":"2022-10-12T14:22:51","date_gmt":"2022-10-12T12:22:51","guid":{"rendered":"http:\/\/www.javorszky.hu\/wordpress\/?p=5189"},"modified":"2022-11-23T10:53:28","modified_gmt":"2022-11-23T09:53:28","slug":"bucsuzunk-dr-zsarnoczay-angela","status":"publish","type":"post","link":"http:\/\/www.javorszky.hu\/wordpress\/?p=5189","title":{"rendered":"B\u00facs\u00fazunk- Dr. Zsarn\u00f3czay Ang\u00e9la"},"content":{"rendered":"\n<p>B\u00facs\u00fazunk!<\/p>\n\n\n\n<p>Sajn\u00e1lattal \u00e9s m\u00e9ly megrend\u00fcl\u00e9ssel tudatjuk, hogy int\u00e9zm\u00e9ny\u00fcnk egykori nagy megbecs\u00fcl\u00e9snek \u00f6rvend\u0151 orvoskoll\u00e9g\u00e1ja t\u00e1vozott k\u00f6z\u00fcl\u00fcnk.<\/p>\n\n\n\n<p>Dr. Zsarn\u00f3czay Angela 55 \u00e9vet dolgozott a J\u00e1vorszky \u00d6d\u00f6n K\u00f3rh\u00e1z, k\u00e9palkot\u00f3 diagnosztika (r\u00f6ntgen, ultrahang) oszt\u00e1ly\u00e1n, r\u00f6ntgen orvosk\u00e9nt.<\/p>\n\n\n\n<p>Szlov\u00e1ki\u00e1ban, Pozsonyban sz\u00fcletett. N\u00e9metorsz\u00e1gban ismerkedett meg a pozsonyi l\u00e1ny az \u00fajpesti fi\u00faval, ez az ismerets\u00e9g 57 \u00e9vig folytat\u00f3dott, boldog h\u00e1zass\u00e1gban.<\/p>\n\n\n\n<p>\u00c9let\u00e9ben, mindig a csal\u00e1dja \u00e9s a betegek <a><\/a>\u00e9rdek\u00e9ben cselekedett.<\/p>\n\n\n\n<p>Orvosi esk\u00fcje \u00e9s embers\u00e9ge szerint v\u00e9gezte munk\u00e1j\u00e1t.<\/p>\n\n\n\n<p>Nyugd\u00edjask\u00e9nt is sok\u00e1ig dolgozott, munkav\u00e1llal\u00e1s\u00e1ban csak a s\u00falyos betegs\u00e9g tudta meg\u00e1ll\u00edtani.<\/p>\n\n\n\n<p>Munk\u00e1ja mellett h\u00e1rom gyermeket nevelt fel, csal\u00e1danyak\u00e9nt is meg\u00e1llta a hely\u00e9t. Az ut\u00f3bbi \u00e9veiben sok \u00f6r\u00f6me volt k\u00e9t unok\u00e1j\u00e1ban,<\/p>\n\n\n\n<p>Kedves ismer\u0151se szerint: \u201eAngela az eg\u00e9sz csal\u00e1djuk v\u00e9d\u0151szentje \u00e9s hiszem, hogy fentr\u0151l is az lesz. Sz\u00e1mukra Angela egy ikon, hozz\u00e1 hasonl\u00f3 ember kev\u00e9s van a f\u00f6ld\u00f6n.\u201d<\/p>\n\n\n\n<p>H\u00edv\u0151 katolikusk\u00e9nt, minden vas\u00e1rnap r\u00e9szt vett a szentmis\u00e9n, naponta olvasta az evang\u00e9liumot, melynek tan\u00edt\u00e1sai szerint \u00e9lt.<\/p>\n\n\n\n<p>A meg\u00e9lt 80 \u00e9v\u00e9b\u0151l az utols\u00f3 \u00e9vben sok szenved\u00e9st kellett elviselnie, a megpr\u00f3b\u00e1ltat\u00e1sokat m\u00e9lt\u00f3s\u00e1ggal viselte.<\/p>\n\n\n\n<p>\u201eIstennek k\u00f6sz\u00f6nj\u00fck, hogy mi\u00e9nk volt \u00e9s az is maradt,<\/p>\n\n\n\n<p>mert aki szeretettel sz\u00edv\u00fcnkben tov\u00e1bb \u00e9l, nem halt meg, csak t\u00e1vol van.\u201d<\/p>\n\n\n\n<p>Nyugodjon b\u00e9k\u00e9ben, \u0151szinte r\u00e9szv\u00e9t\u00fcnk a gy\u00e1szol\u00f3 csal\u00e1dnak a k\u00f3rh\u00e1z \u00e9s dolgoz\u00f3i nev\u00e9ben!<\/p>\n\n\n<div class=\"wp-block-image\">\n<figure class=\"aligncenter size-large is-resized\"><a href=\"http:\/\/www.javorszky.hu\/wordpress\/wp-content\/uploads\/2022\/10\/Zsarnoczay.jpg\"><img loading=\"lazy\" src=\"http:\/\/www.javorszky.hu\/wordpress\/wp-content\/uploads\/2022\/10\/Zsarnoczay-1024x1024.jpg\" alt=\"\" class=\"wp-image-5190\" width=\"581\" height=\"581\" srcset=\"http:\/\/www.javorszky.hu\/wordpress\/wp-content\/uploads\/2022\/10\/Zsarnoczay-1024x1024.jpg 1024w, http:\/\/www.javorszky.hu\/wordpress\/wp-content\/uploads\/2022\/10\/Zsarnoczay-300x300.jpg 300w, http:\/\/www.javorszky.hu\/wordpress\/wp-content\/uploads\/2022\/10\/Zsarnoczay-150x150.jpg 150w, http:\/\/www.javorszky.hu\/wordpress\/wp-content\/uploads\/2022\/10\/Zsarnoczay-768x768.jpg 768w, http:\/\/www.javorszky.hu\/wordpress\/wp-content\/uploads\/2022\/10\/Zsarnoczay.jpg 1080w\" sizes=\"(max-width: 581px) 100vw, 581px\" \/><\/a><\/figure><\/div>","protected":false},"excerpt":{"rendered":"<p>B\u00facs\u00fazunk! Sajn\u00e1lattal \u00e9s m\u00e9ly megrend\u00fcl\u00e9ssel tudatjuk, hogy int\u00e9zm\u00e9ny\u00fcnk egykori nagy megbecs\u00fcl\u00e9snek \u00f6rvend\u0151 orvoskoll\u00e9g\u00e1ja t\u00e1vozott k\u00f6z\u00fcl\u00fcnk. Dr. Zsarn\u00f3czay Angela 55 \u00e9vet dolgozott a J\u00e1vorszky \u00d6d\u00f6n K\u00f3rh\u00e1z, k\u00e9palkot\u00f3 diagnosztika (r\u00f6ntgen, ultrahang) oszt\u00e1ly\u00e1n, r\u00f6ntgen orvosk\u00e9nt. Szlov\u00e1ki\u00e1ban, Pozsonyban sz\u00fcletett. N\u00e9metorsz\u00e1gban ismerkedett meg a pozsonyi l\u00e1ny az \u00fajpesti fi\u00faval, ez az ismerets\u00e9g 57 \u00e9vig folytat\u00f3dott, boldog h\u00e1zass\u00e1gban. \u00c9let\u00e9ben, mindig a [&hellip;]<\/p>\n","protected":false},"author":5,"featured_media":0,"comment_status":"closed","ping_status":"closed","sticky":false,"template":"","format":"standard","meta":[],"categories":[13],"tags":[],"_links":{"self":[{"href":"http:\/\/www.javorszky.hu\/wordpress\/index.php?rest_route=\/wp\/v2\/posts\/5189"}],"collection":[{"href":"http:\/\/www.javorszky.hu\/wordpress\/index.php?rest_route=\/wp\/v2\/posts"}],"about":[{"href":"http:\/\/www.javorszky.hu\/wordpress\/index.php?rest_route=\/wp\/v2\/types\/post"}],"author":[{"embeddable":true,"href":"http:\/\/www.javorszky.hu\/wordpress\/index.php?rest_route=\/wp\/v2\/users\/5"}],"replies":[{"embeddable":true,"href":"http:\/\/www.javorszky.hu\/wordpress\/index.php?rest_route=%2Fwp%2Fv2%2Fcomments&post=5189"}],"version-history":[{"count":1,"href":"http:\/\/www.javorszky.hu\/wordpress\/index.php?rest_route=\/wp\/v2\/posts\/5189\/revisions"}],"predecessor-version":[{"id":5191,"href":"http:\/\/www.javorszky.hu\/wordpress\/index.php?rest_route=\/wp\/v2\/posts\/5189\/revisions\/5191"}],"wp:attachment":[{"href":"http:\/\/www.javorszky.hu\/wordpress\/index.php?rest_route=%2Fwp%2Fv2%2Fmedia&parent=5189"}],"wp:term":[{"taxonomy":"category","embeddable":true,"href":"http:\/\/www.javorszky.hu\/wordpress\/index.php?rest_route=%2Fwp%2Fv2%2Fcategories&post=5189"},{"taxonomy":"post_tag","embeddable":true,"href":"http:\/\/www.javorszky.hu\/wordpress\/index.php?rest_route=%2Fwp%2Fv2%2Ftags&post=5189"}],"curies":[{"name":"wp","href":"https:\/\/api.w.org\/{rel}","templated":true}]}}