{"id":5364,"date":"2022-12-23T18:31:18","date_gmt":"2022-12-23T17:31:18","guid":{"rendered":"http:\/\/www.javorszky.hu\/wordpress\/?p=5364"},"modified":"2022-12-23T18:31:18","modified_gmt":"2022-12-23T17:31:18","slug":"2022-ezredik-babaja","status":"publish","type":"post","link":"http:\/\/www.javorszky.hu\/wordpress\/?p=5364","title":{"rendered":"2022 ezredik bab\u00e1ja"},"content":{"rendered":"\n<p>Az idei \u00e9v ezredik kisbab\u00e1ja sz\u00fcletett meg k\u00f3rh\u00e1zunkban.<\/p>\n\n\n\n<p>December 20-\u00e1n megsz\u00fcletett a v\u00e1ci k\u00f3rh\u00e1z sz\u00fcl\u00e9szeti oszt\u00e1ly\u00e1n 2022-es \u00e9v ezredik bab\u00e1ja.<\/p>\n\n\n\n<p>Az \u00fajsz\u00fcl\u00f6tt kisfi\u00fa a Barna Lennox nevet kapta, 4070 gr \u00e9s 59 cm.<\/p>\n\n\n\n<p>Harmadik gyermekk\u00e9nt \u00e9rkezett, a szentei csal\u00e1dba.<\/p>\n\n\n\n<p>Az \u00e9desanya &#8211; Zsanett \u00e9s a baba is j\u00f3l vannak.<\/p>\n\n\n\n<p>K\u00edv\u00e1nunk nekik sok boldogs\u00e1got \u00e9s j\u00f3 eg\u00e9szs\u00e9get!<\/p>\n\n\n<div class=\"wp-block-image\">\n<figure class=\"aligncenter size-full is-resized\"><a href=\"http:\/\/www.javorszky.hu\/wordpress\/wp-content\/uploads\/2022\/12\/1000.-baba-poszt.jpg\"><img loading=\"lazy\" src=\"http:\/\/www.javorszky.hu\/wordpress\/wp-content\/uploads\/2022\/12\/1000.-baba-poszt.jpg\" alt=\"\" class=\"wp-image-5365\" width=\"614\" height=\"515\" srcset=\"http:\/\/www.javorszky.hu\/wordpress\/wp-content\/uploads\/2022\/12\/1000.-baba-poszt.jpg 940w, http:\/\/www.javorszky.hu\/wordpress\/wp-content\/uploads\/2022\/12\/1000.-baba-poszt-300x251.jpg 300w, http:\/\/www.javorszky.hu\/wordpress\/wp-content\/uploads\/2022\/12\/1000.-baba-poszt-768x644.jpg 768w\" sizes=\"(max-width: 614px) 100vw, 614px\" \/><\/a><\/figure><\/div>\n\n<div class=\"wp-block-image\">\n<figure class=\"aligncenter size-large is-resized\"><a href=\"http:\/\/www.javorszky.hu\/wordpress\/wp-content\/uploads\/2022\/12\/1000.baba_.jpg\"><img loading=\"lazy\" src=\"http:\/\/www.javorszky.hu\/wordpress\/wp-content\/uploads\/2022\/12\/1000.baba_-840x1024.jpg\" alt=\"\" class=\"wp-image-5366\" width=\"511\" height=\"623\" srcset=\"http:\/\/www.javorszky.hu\/wordpress\/wp-content\/uploads\/2022\/12\/1000.baba_-840x1024.jpg 840w, http:\/\/www.javorszky.hu\/wordpress\/wp-content\/uploads\/2022\/12\/1000.baba_-246x300.jpg 246w, http:\/\/www.javorszky.hu\/wordpress\/wp-content\/uploads\/2022\/12\/1000.baba_-768x936.jpg 768w, http:\/\/www.javorszky.hu\/wordpress\/wp-content\/uploads\/2022\/12\/1000.baba_-1260x1536.jpg 1260w, http:\/\/www.javorszky.hu\/wordpress\/wp-content\/uploads\/2022\/12\/1000.baba_.jpg 1377w\" sizes=\"(max-width: 511px) 100vw, 511px\" \/><\/a><\/figure><\/div>","protected":false},"excerpt":{"rendered":"<p>Az idei \u00e9v ezredik kisbab\u00e1ja sz\u00fcletett meg k\u00f3rh\u00e1zunkban. December 20-\u00e1n megsz\u00fcletett a v\u00e1ci k\u00f3rh\u00e1z sz\u00fcl\u00e9szeti oszt\u00e1ly\u00e1n 2022-es \u00e9v ezredik bab\u00e1ja. Az \u00fajsz\u00fcl\u00f6tt kisfi\u00fa a Barna Lennox nevet kapta, 4070 gr \u00e9s 59 cm. Harmadik gyermekk\u00e9nt \u00e9rkezett, a szentei csal\u00e1dba. Az \u00e9desanya &#8211; Zsanett \u00e9s a baba is j\u00f3l vannak. K\u00edv\u00e1nunk nekik sok boldogs\u00e1got \u00e9s j\u00f3 [&hellip;]<\/p>\n","protected":false},"author":5,"featured_media":0,"comment_status":"open","ping_status":"open","sticky":false,"template":"","format":"standard","meta":[],"categories":[11],"tags":[],"_links":{"self":[{"href":"http:\/\/www.javorszky.hu\/wordpress\/index.php?rest_route=\/wp\/v2\/posts\/5364"}],"collection":[{"href":"http:\/\/www.javorszky.hu\/wordpress\/index.php?rest_route=\/wp\/v2\/posts"}],"about":[{"href":"http:\/\/www.javorszky.hu\/wordpress\/index.php?rest_route=\/wp\/v2\/types\/post"}],"author":[{"embeddable":true,"href":"http:\/\/www.javorszky.hu\/wordpress\/index.php?rest_route=\/wp\/v2\/users\/5"}],"replies":[{"embeddable":true,"href":"http:\/\/www.javorszky.hu\/wordpress\/index.php?rest_route=%2Fwp%2Fv2%2Fcomments&post=5364"}],"version-history":[{"count":2,"href":"http:\/\/www.javorszky.hu\/wordpress\/index.php?rest_route=\/wp\/v2\/posts\/5364\/revisions"}],"predecessor-version":[{"id":5368,"href":"http:\/\/www.javorszky.hu\/wordpress\/index.php?rest_route=\/wp\/v2\/posts\/5364\/revisions\/5368"}],"wp:attachment":[{"href":"http:\/\/www.javorszky.hu\/wordpress\/index.php?rest_route=%2Fwp%2Fv2%2Fmedia&parent=5364"}],"wp:term":[{"taxonomy":"category","embeddable":true,"href":"http:\/\/www.javorszky.hu\/wordpress\/index.php?rest_route=%2Fwp%2Fv2%2Fcategories&post=5364"},{"taxonomy":"post_tag","embeddable":true,"href":"http:\/\/www.javorszky.hu\/wordpress\/index.php?rest_route=%2Fwp%2Fv2%2Ftags&post=5364"}],"curies":[{"name":"wp","href":"https:\/\/api.w.org\/{rel}","templated":true}]}}