{"id":5419,"date":"2023-01-17T11:04:32","date_gmt":"2023-01-17T10:04:32","guid":{"rendered":"http:\/\/www.javorszky.hu\/wordpress\/?p=5419"},"modified":"2023-01-17T11:04:32","modified_gmt":"2023-01-17T10:04:32","slug":"gyermekpszichiatria-kozlemeny","status":"publish","type":"post","link":"http:\/\/www.javorszky.hu\/wordpress\/?p=5419","title":{"rendered":"Gyermekpszichi\u00e1tria -K\u00f6zlem\u00e9ny"},"content":{"rendered":"\n<p class=\"has-vivid-cyan-blue-color has-text-color\"><strong>Hivatalos k\u00f6zlem\u00e9ny!<\/strong><\/p>\n\n\n\n<p>T\u00e1j\u00e9koztatjuk a lakoss\u00e1got, hogy a napokban a k\u00f6z\u00f6ss\u00e9gi m\u00e9di\u00e1ban megjelen\u0151 h\u00edrt, &#8211; melyben a J\u00e1vorszky \u00d6d\u00f6n K\u00f3rh\u00e1z Szakrendel\u0151ben a gyermek- \u00e9s ifj\u00fas\u00e1gpszichi\u00e1triai szakrendel\u00e9s elindul\u00e1s\u00e1r\u00f3l \u00e9s m\u0171k\u00f6d\u00e9si rendj\u00e9r\u0151l adtak t\u00e1j\u00e9koztat\u00e1st-,<\/p>\n\n\n\n<p class=\"has-text-align-center has-vivid-red-color has-text-color\"><strong>nem a k\u00f3rh\u00e1z adta ki!<\/strong><\/p>\n\n\n\n<p>Az inform\u00e1ci\u00f3t hivatalosan a k\u00f3rh\u00e1z annyiban szeretn\u00e9 meger\u0151s\u00edteni, hogy a h\u00e9ten felv\u00e9telre ker\u00fclt egy gyermekpszichi\u00e1ter, val\u00f3ban lesz gyermekpszichi\u00e1tria rendel\u00e9s, de annak idej\u00e9r\u0151l \u00e9s m\u0171k\u00f6d\u00e9si rendj\u00e9r\u0151l int\u00e9zm\u00e9ny\u00fcnk hivatalos csatorn\u00e1in( <a rel=\"noreferrer noopener\" href=\"http:\/\/www.javorszky.hu\" target=\"_blank\">www.javorszky.hu<\/a> \u00e9s facebookon a \u201eJ\u00e1vorszky \u00d6d\u00f6n K\u00f3rh\u00e1z Hivatalos oldal\u00e1n\u201d)t\u00e1j\u00e9koztatjuk majd a lakoss\u00e1got.<\/p>\n\n\n\n<p>A v\u00e1ratlanul megn\u00f6vekedett \u00e9rdekl\u0151d\u00e9s miatt tov\u00e1bbi id\u0151pontot jelenleg nem lehet foglalni, sem a k\u00f6zponti el\u0151jegyz\u00e9sben, sem pedig telefonon.<\/p>\n\n\n\n<p>A folyamatos \u00e9s biztons\u00e1gos betegell\u00e1t\u00e1s \u00e9rdek\u00e9ben a <strong>gyermekszakrendel\u00e9s keret\u00e9ben<\/strong> elindul\u00f3 szakell\u00e1t\u00e1s m\u0171k\u00f6d\u00e9si rendj\u00e9r\u0151l <strong>hamarosan<\/strong> t\u00e1j\u00e9koztatjuk \u00d6n\u00f6ket!<\/p>\n\n\n\n<p><\/p>\n\n\n\n<p class=\"has-text-align-center\"><strong>Sz\u00edves meg\u00e9rt\u00e9s\u00fcket k\u00f6sz\u00f6nj\u00fck!<\/strong><\/p>\n","protected":false},"excerpt":{"rendered":"<p>Hivatalos k\u00f6zlem\u00e9ny! T\u00e1j\u00e9koztatjuk a lakoss\u00e1got, hogy a napokban a k\u00f6z\u00f6ss\u00e9gi m\u00e9di\u00e1ban megjelen\u0151 h\u00edrt, &#8211; melyben a J\u00e1vorszky \u00d6d\u00f6n K\u00f3rh\u00e1z Szakrendel\u0151ben a gyermek- \u00e9s ifj\u00fas\u00e1gpszichi\u00e1triai szakrendel\u00e9s elindul\u00e1s\u00e1r\u00f3l \u00e9s m\u0171k\u00f6d\u00e9si rendj\u00e9r\u0151l adtak t\u00e1j\u00e9koztat\u00e1st-, nem a k\u00f3rh\u00e1z adta ki! Az inform\u00e1ci\u00f3t hivatalosan a k\u00f3rh\u00e1z annyiban szeretn\u00e9 meger\u0151s\u00edteni, hogy a h\u00e9ten felv\u00e9telre ker\u00fclt egy gyermekpszichi\u00e1ter, val\u00f3ban lesz gyermekpszichi\u00e1tria rendel\u00e9s, [&hellip;]<\/p>\n","protected":false},"author":5,"featured_media":0,"comment_status":"closed","ping_status":"closed","sticky":false,"template":"","format":"standard","meta":[],"categories":[14],"tags":[],"_links":{"self":[{"href":"http:\/\/www.javorszky.hu\/wordpress\/index.php?rest_route=\/wp\/v2\/posts\/5419"}],"collection":[{"href":"http:\/\/www.javorszky.hu\/wordpress\/index.php?rest_route=\/wp\/v2\/posts"}],"about":[{"href":"http:\/\/www.javorszky.hu\/wordpress\/index.php?rest_route=\/wp\/v2\/types\/post"}],"author":[{"embeddable":true,"href":"http:\/\/www.javorszky.hu\/wordpress\/index.php?rest_route=\/wp\/v2\/users\/5"}],"replies":[{"embeddable":true,"href":"http:\/\/www.javorszky.hu\/wordpress\/index.php?rest_route=%2Fwp%2Fv2%2Fcomments&post=5419"}],"version-history":[{"count":2,"href":"http:\/\/www.javorszky.hu\/wordpress\/index.php?rest_route=\/wp\/v2\/posts\/5419\/revisions"}],"predecessor-version":[{"id":5421,"href":"http:\/\/www.javorszky.hu\/wordpress\/index.php?rest_route=\/wp\/v2\/posts\/5419\/revisions\/5421"}],"wp:attachment":[{"href":"http:\/\/www.javorszky.hu\/wordpress\/index.php?rest_route=%2Fwp%2Fv2%2Fmedia&parent=5419"}],"wp:term":[{"taxonomy":"category","embeddable":true,"href":"http:\/\/www.javorszky.hu\/wordpress\/index.php?rest_route=%2Fwp%2Fv2%2Fcategories&post=5419"},{"taxonomy":"post_tag","embeddable":true,"href":"http:\/\/www.javorszky.hu\/wordpress\/index.php?rest_route=%2Fwp%2Fv2%2Ftags&post=5419"}],"curies":[{"name":"wp","href":"https:\/\/api.w.org\/{rel}","templated":true}]}}