{"id":5883,"date":"2023-05-11T14:23:47","date_gmt":"2023-05-11T12:23:47","guid":{"rendered":"http:\/\/www.javorszky.hu\/wordpress\/?p=5883"},"modified":"2023-06-07T11:24:04","modified_gmt":"2023-06-07T09:24:04","slug":"bucsuzunk-kolleganktol","status":"publish","type":"post","link":"http:\/\/www.javorszky.hu\/wordpress\/?p=5883","title":{"rendered":"B\u00facs\u00fazunk koll\u00e9g\u00e1nkt\u00f3l!"},"content":{"rendered":"\n<p>Megrend\u00fclt sz\u00edvvel \u00e9s m\u00e9ly f\u00e1jdalommal vett\u00fck tudom\u00e1sul Dr. K\u00e9kesi G\u00e1bor orvosigazgat\u00f3nk, oszt\u00e1lyvezet\u0151 f\u0151orvosunk, kedves munkat\u00e1rsunk hal\u00e1lh\u00edr\u00e9t.<\/p>\n\n\n\n<p>Neh\u00e9z szavakba \u00f6nteni az elveszt\u00e9s \u00e9rz\u00e9s\u00e9t, f\u00e1jdalmas m\u00falt id\u0151ben besz\u00e9lni szeretett koll\u00e9g\u00e1nkr\u00f3l.<\/p>\n\n\n\n<p>Dr. K\u00e9kesi G\u00e1bor 1957.10.24 Kemenc\u00e9n sz\u00fcletett.1976-ban \u00e9retts\u00e9gizett, m\u00e9g ebben az \u00e9vben felvett\u00e9k a Semmelweis Orvostudom\u00e1nyi Egyetemre, 1982-ben szerzett orvosi diplom\u00e1t. Oktat\u00f3i m\u00e1r orvostanhallgat\u00f3k\u00e9nt megl\u00e1tt\u00e1k benne a gy\u00f3gy\u00edt\u00f3t.<\/p>\n\n\n\n<p>\u201e<em>Az els\u0151 gyakorlaton kit\u0171nt aktivit\u00e1s\u00e1val. Szintetiz\u00e1l\u00f3 k\u00e9pess\u00e9ge j\u00f3, hamar eljut a helyes diagn\u00f3zis fel\u00e1ll\u00edt\u00e1s\u00e1hoz. Meggy\u0151z\u0151d\u00e9se, hogy megfelel\u0151 gyakorlati tud\u00e1sra csak akkor lehet szert tenni, ha a klinikai gyakorlatok adta lehet\u0151s\u00e9geket maxim\u00e1lisan kihaszn\u00e1lja, ennek megfelel\u0151en a gyakorlatok akt\u00edv, v\u00e1llalkoz\u00f3 tagja. Biztos fell\u00e9p\u00e9s\u00e9vel hamar elnyeri a betegek bizalm\u00e1t\u201d<\/em><\/p>\n\n\n\n<p>Hivat\u00e1s\u00e1t r\u00f6vid kit\u00e9r\u0151vel mindv\u00e9gig a V\u00e1ci J\u00e1vorszky \u00d6d\u00f6n K\u00f3rh\u00e1zban gyakorolta. Belgy\u00f3gy\u00e1szati szakvizsga mellett nephrol\u00f3giai \u00e9s diabetol\u00f3giai szakvizsg\u00e1t szerzett.\u00a0 A l\u00e9pcs\u0151fokokat v\u00e9gig j\u00e1rta: orvos, szakorvos, adjunktus, f\u0151orvos, 2010-t\u0151l oszt\u00e1lyvezet\u0151 f\u0151orvos, 2019-t\u0151l orvosigazgat\u00f3. 40 \u00e9v orvosi szolg\u00e1lattal elt\u00f6lt\u00f6tt id\u0151. Gy\u00f3gy\u00edt\u00f3k\u00e9nt gyakorlatias ember volt. M\u00e1r p\u00e1ly\u00e1ja kezdet\u00e9t\u0151l fontosnak tartotta a fiatal orvosok, \u00e1pol\u00f3k oktat\u00e1s\u00e1t. P\u00e9ldamutat\u00f3 humanista egy\u00e9nis\u00e9ge, kiv\u00e1l\u00f3 szervez\u0151 tev\u00e9kenys\u00e9ge, emberszeretete kiv\u00e9teles vezet\u0151v\u00e9 tette. A sz\u00f3 nemes \u00e9rtelm\u00e9ben n\u00e1la a beteg \u00e9rdeke volt a legf\u0151bb t\u00f6rv\u00e9ny, ez\u00e9rt dolgozott. Nyitott szemmel j\u00e1rt, \u00e9szrevette az elesetteket, ahol \u00e9s amiben tudott seg\u00edtett betegeinek, munkat\u00e1rsainak.<br>Magas szakmai \u00e9s etikai k\u00f6vetelm\u00e9nyeket t\u00e1masztott mag\u00e1nak \u00e9s munkat\u00e1rsainak. Holisztikus szeml\u00e9let jellemezte, egyike volt azon orvosainknak, akik a belgy\u00f3gy\u00e1szat szak\u00e1gakra bont\u00e1sa el\u0151tt szerezte szakvizsg\u00e1j\u00e1t \u00e9s gy\u00f3gy\u00edt\u00f3 tapasztalatait. A legnehezebb id\u0151szakokban is er\u0151t adott, p\u00e9ld\u00e1t mutatott munkat\u00e1rsainak. Halkszav\u00fa, szer\u00e9ny, el\u0151z\u00e9keny, optimista ember volt eg\u00e9sz \u00e9let\u00e9ben.<\/p>\n\n\n\n<p class=\"has-text-align-center has-medium-font-size\"><strong>Hi\u00e1nyozni fog nagyon!<br>Nyugodj\u00e9k b\u00e9k\u00e9ben!<\/strong><\/p>\n\n\n<div class=\"wp-block-image\">\n<figure class=\"aligncenter size-full is-resized\"><a href=\"http:\/\/www.javorszky.hu\/wordpress\/wp-content\/uploads\/2023\/05\/Dr.-Kekesi-Gabor-facebook-poszt-2.jpg\"><img loading=\"lazy\" src=\"http:\/\/www.javorszky.hu\/wordpress\/wp-content\/uploads\/2023\/05\/Dr.-Kekesi-Gabor-facebook-poszt-2.jpg\" alt=\"\" class=\"wp-image-5884\" width=\"408\" height=\"342\" srcset=\"http:\/\/www.javorszky.hu\/wordpress\/wp-content\/uploads\/2023\/05\/Dr.-Kekesi-Gabor-facebook-poszt-2.jpg 940w, http:\/\/www.javorszky.hu\/wordpress\/wp-content\/uploads\/2023\/05\/Dr.-Kekesi-Gabor-facebook-poszt-2-300x251.jpg 300w, http:\/\/www.javorszky.hu\/wordpress\/wp-content\/uploads\/2023\/05\/Dr.-Kekesi-Gabor-facebook-poszt-2-768x644.jpg 768w\" sizes=\"(max-width: 408px) 100vw, 408px\" \/><\/a><\/figure><\/div>","protected":false},"excerpt":{"rendered":"<p>Megrend\u00fclt sz\u00edvvel \u00e9s m\u00e9ly f\u00e1jdalommal vett\u00fck tudom\u00e1sul Dr. K\u00e9kesi G\u00e1bor orvosigazgat\u00f3nk, oszt\u00e1lyvezet\u0151 f\u0151orvosunk, kedves munkat\u00e1rsunk hal\u00e1lh\u00edr\u00e9t. Neh\u00e9z szavakba \u00f6nteni az elveszt\u00e9s \u00e9rz\u00e9s\u00e9t, f\u00e1jdalmas m\u00falt id\u0151ben besz\u00e9lni szeretett koll\u00e9g\u00e1nkr\u00f3l. Dr. K\u00e9kesi G\u00e1bor 1957.10.24 Kemenc\u00e9n sz\u00fcletett.1976-ban \u00e9retts\u00e9gizett, m\u00e9g ebben az \u00e9vben felvett\u00e9k a Semmelweis Orvostudom\u00e1nyi Egyetemre, 1982-ben szerzett orvosi diplom\u00e1t. Oktat\u00f3i m\u00e1r orvostanhallgat\u00f3k\u00e9nt megl\u00e1tt\u00e1k benne a gy\u00f3gy\u00edt\u00f3t. [&hellip;]<\/p>\n","protected":false},"author":5,"featured_media":0,"comment_status":"closed","ping_status":"closed","sticky":false,"template":"","format":"standard","meta":[],"categories":[13],"tags":[],"_links":{"self":[{"href":"http:\/\/www.javorszky.hu\/wordpress\/index.php?rest_route=\/wp\/v2\/posts\/5883"}],"collection":[{"href":"http:\/\/www.javorszky.hu\/wordpress\/index.php?rest_route=\/wp\/v2\/posts"}],"about":[{"href":"http:\/\/www.javorszky.hu\/wordpress\/index.php?rest_route=\/wp\/v2\/types\/post"}],"author":[{"embeddable":true,"href":"http:\/\/www.javorszky.hu\/wordpress\/index.php?rest_route=\/wp\/v2\/users\/5"}],"replies":[{"embeddable":true,"href":"http:\/\/www.javorszky.hu\/wordpress\/index.php?rest_route=%2Fwp%2Fv2%2Fcomments&post=5883"}],"version-history":[{"count":1,"href":"http:\/\/www.javorszky.hu\/wordpress\/index.php?rest_route=\/wp\/v2\/posts\/5883\/revisions"}],"predecessor-version":[{"id":5885,"href":"http:\/\/www.javorszky.hu\/wordpress\/index.php?rest_route=\/wp\/v2\/posts\/5883\/revisions\/5885"}],"wp:attachment":[{"href":"http:\/\/www.javorszky.hu\/wordpress\/index.php?rest_route=%2Fwp%2Fv2%2Fmedia&parent=5883"}],"wp:term":[{"taxonomy":"category","embeddable":true,"href":"http:\/\/www.javorszky.hu\/wordpress\/index.php?rest_route=%2Fwp%2Fv2%2Fcategories&post=5883"},{"taxonomy":"post_tag","embeddable":true,"href":"http:\/\/www.javorszky.hu\/wordpress\/index.php?rest_route=%2Fwp%2Fv2%2Ftags&post=5883"}],"curies":[{"name":"wp","href":"https:\/\/api.w.org\/{rel}","templated":true}]}}