{"id":6065,"date":"2023-07-04T12:58:55","date_gmt":"2023-07-04T10:58:55","guid":{"rendered":"http:\/\/www.javorszky.hu\/wordpress\/?p=6065"},"modified":"2023-07-06T10:53:31","modified_gmt":"2023-07-06T08:53:31","slug":"semmelweis-nap-2023","status":"publish","type":"post","link":"http:\/\/www.javorszky.hu\/wordpress\/?p=6065","title":{"rendered":"Semmelweis nap 2023"},"content":{"rendered":"\n<p>A v\u00e1ci J\u00e1vorszky \u00d6d\u00f6n K\u00f3rh\u00e1z Semmelweis-nap \u00fcnneps\u00e9g\u00e9nek bevezet\u00e9sek\u00e9nt <strong><em>R\u00e9tv\u00e1ri Bence<\/em><\/strong> orsz\u00e1ggy\u0171l\u00e9si k\u00e9pvisel\u0151, a Bel\u00fcgyminiszt\u00e9rium \u00e1llamtitk\u00e1ra \u00fagy fogalmazott, hogy a betegek, gy\u00f3gyulni v\u00e1gy\u00f3k \u00e9s hozz\u00e1tartoz\u00f3ik h\u00e1l\u00e1val \u00e9s b\u00fcszkes\u00e9ggel gondolnak az eg\u00e9szs\u00e9g\u00fcgyben dolgoz\u00f3kra, szavai szerint az egyik legszebb hivat\u00e1s az \u00f6v\u00e9k, aminek teljes\u00edt\u00e9s\u00e9\u00e9rt nem lehet el\u00e9gg\u00e9 h\u00e1l\u00e1snak lenni nekik<\/p>\n\n\n\n<p>A politikus besz\u00e9d\u00e9ben kiemelte: m\u00e1r egy b\u0151 \u00e9vtizede ez a nap az eg\u00e9szs\u00e9g\u00fcgyben dolgoz\u00f3k \u00fcnnepnapja. Mint fogalmazott, aki k\u00f3rh\u00e1zba ker\u00fcl, mindig nagy megbecs\u00fcl\u00e9ssel besz\u00e9l azokr\u00f3l, akik ebben a hivat\u00e1sban dolgoznak, de ezen a napon ez m\u00e9g ink\u00e1bb \u00edgy van, hiszen ez egy kiv\u00e1l\u00f3 alkalom azok \u00fcnnepl\u00e9s\u00e9re, jutalmaz\u00e1s\u00e1ra, akik az \u00e9v minden napj\u00e1n az\u00e9rt dolgoznak, hogy eg\u00e9szs\u00e9gesek legyenek az emberek.<\/p>\n\n\n\n<p>A k\u00f6sz\u00f6nt\u00e9sek sor\u00e1t a k\u00f3rh\u00e1z f\u0151igazgat\u00f3 f\u0151orvosa <strong><em>Dr. Urb\u00e1n Edina<\/em><\/strong> folytatta:<\/p>\n\n\n\n<p>&#8220;\u00c9vr\u0151l \u00e9vre van egy nap, r\u00f3lunk, nek\u00fcnk sz\u00f3l az eg\u00e9szs\u00e9g\u00fcgyi \u00e9s eg\u00e9szs\u00e9g\u00fcgyben dolgoz\u00f3 munkat\u00e1rsakr\u00f3l. Minden \u00e9vben ezen a napon egy pillanat erej\u00e9ig meg\u00e1llunk, visszatekint\u00fcnk az elm\u00falt 1 \u00e9vre, v\u00e9gig gondoljuk, hogy merre tartunk. N\u00e9vad\u00f3nk \u00e9lete, -ahogy a mi munk\u00e1nk is &#8211; a kitart\u00e1sr\u00f3l, a neh\u00e9z helyzetben sem  adjuk fel \u00e9rz\u00e9sr\u0151l sz\u00f3l.<\/p>\n\n\n\n<p>A k\u00f3rh\u00e1z a benne gy\u00f3gyulni v\u00e1gy\u00f3 betegek sz\u00e1m\u00e1ra, a gy\u00f3gy\u00edt\u00f3k, \u00e1pol\u00f3k, gy\u00f3gy\u00edt\u00e1st seg\u00edt\u0151k lelke \u00e9s \u00f6nzetlen munk\u00e1ja n\u00e9lk\u00fcl csup\u00e1n egy beb\u00fatorozott, g\u00e9ppel felszerelt \u00e9p\u00fclet.<\/p>\n\n\n\n<p>A k\u00f3rh\u00e1z dolgoz\u00f3i, a ti munk\u00e1tok ad \u00e9rtelmet a k\u00f3rh\u00e1z l\u00e9t\u00e9nek.&#8221;<\/p>\n\n\n\n<p class=\"has-text-align-center\"><strong><em><mark style=\"background-color:rgba(0, 0, 0, 0)\" class=\"has-inline-color has-vivid-cyan-blue-color\">Jubil\u00e1l\u00f3 dolgoz\u00f3k:<\/mark><\/em><\/strong><\/p>\n\n\n\n<figure class=\"wp-block-table\"><table><tbody><tr><td>Gy\u00f3gyszert\u00e1r<\/td><td><strong>Sz\u00e1mpor J\u00e1nosn\u00e9<\/strong><\/td><td>40<\/td><\/tr><tr><td>Traumatol\u00f3gia szakrendel\u0151<\/td><td><strong>\u00c1cs Erzs\u00e9bet<\/strong><\/td><td>40<\/td><\/tr><tr><td>Intenz\u00edv Ter\u00e1pi\u00e1s Oszt\u00e1ly<\/td><td><strong>Kolosn\u00e9 Krupa Hajnalka<\/strong><\/td><td>40<\/td><\/tr><tr><td>K\u00f6zponti steril<\/td><td><strong>Varga P\u00e9tern\u00e9<\/strong><\/td><td>40<\/td><\/tr><tr><td>K\u00f6zponti iktat\u00f3<\/td><td><strong>Simk\u00f3 Gyul\u00e1n\u00e9<\/strong><\/td><td>40<\/td><\/tr><tr><td>Karbantart\u00e1s<\/td><td><strong>Gubek Zolt\u00e1n<\/strong><\/td><td>40<\/td><\/tr><tr><td>T\u00fcd\u0151gondoz\u00f3 \u00e9s szakrendel\u0151<\/td><td><strong>Moln\u00e1r L\u00e1szl\u00f3n\u00e9<\/strong><\/td><td>30<\/td><\/tr><tr><td>Urol\u00f3giai szakrendel\u0151<\/td><td><strong>Juhari Antaln\u00e9<\/strong><\/td><td>30<\/td><\/tr><tr><td>SBO<\/td><td><strong>B\u00e1nfi Zsuzsanna<\/strong><\/td><td>30<\/td><\/tr><tr><td>Belgy\u00f3gy\u00e1szat (akt\u00edv fekv\u0151)<\/td><td><strong>K\u00e1rain\u00e9 Kopl\u00e1nyi T\u00fcnde<\/strong><\/td><td>30<\/td><\/tr><tr><td>Csecsem\u0151 \u00e9s gyermekoszt\u00e1ly<\/td><td><strong>Karner Attila Dezs\u0151n\u00e9<\/strong><\/td><td>30<\/td><\/tr><tr><td>SBO<\/td><td><strong>Alf\u00f6ldi Erika<\/strong><\/td><td>30<\/td><\/tr><tr><td>\u00dajsz\u00fcl\u00f6tt r\u00e9szleg<\/td><td><strong>B\u00e1tyin\u00e9 Nagy Krisztina<\/strong><\/td><td>30<\/td><\/tr><tr><td>K\u00f6zponti m\u0171t\u0151k<\/td><td><strong>Kov\u00e1cs M\u00e1ria<\/strong><\/td><td>30<\/td><\/tr><tr><td>Neurol\u00f3giai oszt\u00e1ly<\/td><td><strong>Hugyecz Attil\u00e1n\u00e9<\/strong><\/td><td>30<\/td><\/tr><tr><td>SBO<\/td><td><strong>Kelemen T\u00fcnde<\/strong><\/td><td>25<\/td><\/tr><tr><td>Gyermek szakrendel\u0151<\/td><td><strong>Vel\u0151 Erzs\u00e9bet<\/strong><\/td><td>25<\/td><\/tr><tr><td>Pszichi\u00e1tria (akt\u00edv fekv\u0151)<\/td><td><strong>Varg\u00e1n\u00e9 Sz\u0151ke Andrea<\/strong><\/td><td>25<\/td><\/tr><tr><td>SBO<\/td><td><strong>P\u00e1pa Rich\u00e1rdn\u00e9<\/strong><\/td><td>25<\/td><\/tr><tr><td>T\u00fcd\u0151gondoz\u00f3 \u00e9s szakrendel\u0151<\/td><td><strong>Nagyn\u00e9 Mok\u00e1nszky \u00c9va<\/strong><\/td><td>25<\/td><\/tr><tr><td>F\u00fcl- orr- g\u00e9g\u00e9szeti oszt\u00e1ly<\/td><td><strong>Dr. Trencs\u00e9nyi Gy\u00f6rgy<\/strong><\/td><td>25<\/td><\/tr><tr><td>K\u00f6zponti beteghord\u00f3k<\/td><td><strong>Alf\u00f6ldi J\u00e1nos<\/strong><\/td><td>25<\/td><\/tr><\/tbody><\/table><\/figure>\n\n\n\n<p class=\"has-text-align-center\"><strong><em><mark style=\"background-color:rgba(0, 0, 0, 0)\" class=\"has-inline-color has-vivid-cyan-blue-color\">Igazgat\u00f3i dics\u00e9retben r\u00e9szes\u00fcltek:<\/mark><\/em><\/strong><\/p>\n\n\n\n<figure class=\"wp-block-table\"><table><tbody><tr><td>Gasztroenterol\u00f3giai Ambulancia<\/td><td><strong>Koncsorn\u00e9 Hrem\u00f3 M\u00f3nika<\/strong><\/td><\/tr><tr><td>Csecsem\u0151 \u00e9s gyermekoszt\u00e1ly<\/td><td><strong>Csurja Ildik\u00f3<\/strong><\/td><\/tr><tr><td>S\u00fcrg\u0151ss\u00e9gi Betegell\u00e1t\u00f3 Oszt\u00e1ly<\/td><td><strong>Szovics M\u00e1ria<\/strong><\/td><\/tr><tr><td>Neurol\u00f3giai Oszt\u00e1ly<\/td><td><strong>H\u00e9bel L\u00e1szl\u00f3n\u00e9<\/strong><\/td><\/tr><tr><td>Mozg\u00e1sszervi Rehabilit\u00e1ci\u00f3<\/td><td><strong>W\u00e1gner Etzler M\u00e1ria<\/strong><\/td><\/tr><tr><td>Szem\u00e9szet<\/td><td><strong>Jo\u00f3 Zolt\u00e1nn\u00e9<\/strong><\/td><\/tr><tr><td>Sz\u00fcl\u00e9szet-n\u0151gy\u00f3gy\u00e1szat<\/td><td><strong>Pint\u00e9r M\u00f3nika<\/strong><\/td><\/tr><tr><td>K\u00f6zponti Steril<\/td><td><strong>Bodor Attila J\u00f3zsefn\u00e9<\/strong><\/td><\/tr><tr><td>K\u00e9palkot\u00f3 Diagnosztikai Oszt\u00e1ly<\/td><td><strong>Dr. Bartus Julianna<\/strong><\/td><\/tr><tr><td>Sz\u00fcl\u00e9szet-n\u0151gy\u00f3gy\u00e1szat<\/td><td><strong>Dr. Ill\u00e9s Istv\u00e1n<\/strong><\/td><\/tr><tr><td>Traumatol\u00f3giai Oszt\u00e1ly<\/td><td><strong>Varga Gy\u00f6rgyi<\/strong><\/td><\/tr><tr><td>Seb\u00e9szeti Oszt\u00e1ly<\/td><td><strong>Blask\u00f3 Enik\u0151<\/strong><\/td><\/tr><tr><td>Ell\u00e1t\u00e1si Oszt\u00e1ly<\/td><td><strong>Bartus Ferenc<\/strong><\/td><\/tr><\/tbody><\/table><figcaption><br>&nbsp;<\/figcaption><\/figure>\n\n\n\n<p class=\"has-text-align-center\"><strong><em><mark style=\"background-color:rgba(0, 0, 0, 0)\" class=\"has-inline-color has-vivid-cyan-blue-color\">El\u0151l\u00e9p\u0151 orvosok:<\/mark><\/em><\/strong><\/p>\n\n\n\n<ol type=\"1\"><li>Dr. Avar \u00c9va f\u0151orvos &#8211; Neurol\u00f3gia<\/li><li>Dr. V\u00f6r\u00f6s Zs\u00f3fia f\u0151orvos \u2013 S\u00fcrg\u0151ss\u00e9gi Betegell\u00e1t\u00e1s<\/li><li>Dr. Nagy Jen\u0151 adjunktus &#8211; Seb\u00e9szet<\/li><li>Dr. Simsay Laura adjunktus -Seb\u00e9szet<\/li><li>Dr. So\u00f3s S\u00e1ndor \u00c1rp\u00e1d PhD. adjunktus<\/li><\/ol>\n\n\n\n<p><\/p>\n\n\n\n<p><\/p>\n\n\n<div class=\"wp-block-image\">\n<figure class=\"aligncenter size-large is-resized\"><a href=\"http:\/\/www.javorszky.hu\/wordpress\/wp-content\/uploads\/2023\/07\/20230630_141103-scaled.jpg\"><img loading=\"lazy\" src=\"http:\/\/www.javorszky.hu\/wordpress\/wp-content\/uploads\/2023\/07\/20230630_141103-1024x681.jpg\" alt=\"\" class=\"wp-image-6066\" width=\"768\" height=\"511\" srcset=\"http:\/\/www.javorszky.hu\/wordpress\/wp-content\/uploads\/2023\/07\/20230630_141103-1024x681.jpg 1024w, http:\/\/www.javorszky.hu\/wordpress\/wp-content\/uploads\/2023\/07\/20230630_141103-300x200.jpg 300w, http:\/\/www.javorszky.hu\/wordpress\/wp-content\/uploads\/2023\/07\/20230630_141103-768x511.jpg 768w, http:\/\/www.javorszky.hu\/wordpress\/wp-content\/uploads\/2023\/07\/20230630_141103-1536x1022.jpg 1536w, http:\/\/www.javorszky.hu\/wordpress\/wp-content\/uploads\/2023\/07\/20230630_141103-2048x1363.jpg 2048w\" sizes=\"(max-width: 768px) 100vw, 768px\" \/><\/a><\/figure><\/div>\n\n<div class=\"wp-block-image\">\n<figure class=\"aligncenter size-full is-resized\"><a href=\"http:\/\/www.javorszky.hu\/wordpress\/wp-content\/uploads\/2023\/07\/Csoportkep-2023.jpg\"><img loading=\"lazy\" src=\"http:\/\/www.javorszky.hu\/wordpress\/wp-content\/uploads\/2023\/07\/Csoportkep-2023.jpg\" alt=\"\" class=\"wp-image-6067\" width=\"705\" height=\"591\" srcset=\"http:\/\/www.javorszky.hu\/wordpress\/wp-content\/uploads\/2023\/07\/Csoportkep-2023.jpg 940w, http:\/\/www.javorszky.hu\/wordpress\/wp-content\/uploads\/2023\/07\/Csoportkep-2023-300x251.jpg 300w, http:\/\/www.javorszky.hu\/wordpress\/wp-content\/uploads\/2023\/07\/Csoportkep-2023-768x644.jpg 768w\" sizes=\"(max-width: 705px) 100vw, 705px\" \/><\/a><\/figure><\/div>\n\n<div class=\"wp-block-image\">\n<figure class=\"aligncenter size-large is-resized\"><a href=\"http:\/\/www.javorszky.hu\/wordpress\/wp-content\/uploads\/2023\/07\/DSC06369-2-scaled.jpg\"><img loading=\"lazy\" src=\"http:\/\/www.javorszky.hu\/wordpress\/wp-content\/uploads\/2023\/07\/DSC06369-2-1024x630.jpg\" alt=\"\" class=\"wp-image-6068\" width=\"768\" height=\"473\" srcset=\"http:\/\/www.javorszky.hu\/wordpress\/wp-content\/uploads\/2023\/07\/DSC06369-2-1024x630.jpg 1024w, http:\/\/www.javorszky.hu\/wordpress\/wp-content\/uploads\/2023\/07\/DSC06369-2-300x185.jpg 300w, http:\/\/www.javorszky.hu\/wordpress\/wp-content\/uploads\/2023\/07\/DSC06369-2-768x473.jpg 768w, http:\/\/www.javorszky.hu\/wordpress\/wp-content\/uploads\/2023\/07\/DSC06369-2-1536x946.jpg 1536w, http:\/\/www.javorszky.hu\/wordpress\/wp-content\/uploads\/2023\/07\/DSC06369-2-2048x1261.jpg 2048w\" sizes=\"(max-width: 768px) 100vw, 768px\" \/><\/a><figcaption>Dr. Ruzsicska B\u00e9la d\u00edj p\u00e1ly\u00e1zat\u00e1nak nyertese: <strong><em>Dr. R\u00e1k\u00f3czi R\u00e9ka <\/em><\/strong>\u2013 Aneszteziol\u00f3giai \u00e9s Intenz\u00edv Ter\u00e1pi\u00e1s Oszt\u00e1ly<br>&nbsp;<\/figcaption><\/figure><\/div>\n\n<div class=\"wp-block-image\">\n<figure class=\"aligncenter size-large is-resized\"><a href=\"http:\/\/www.javorszky.hu\/wordpress\/wp-content\/uploads\/2023\/07\/DSC06358-2-scaled.jpg\"><img loading=\"lazy\" src=\"http:\/\/www.javorszky.hu\/wordpress\/wp-content\/uploads\/2023\/07\/DSC06358-2-1024x738.jpg\" alt=\"\" class=\"wp-image-6069\" width=\"768\" height=\"554\" srcset=\"http:\/\/www.javorszky.hu\/wordpress\/wp-content\/uploads\/2023\/07\/DSC06358-2-1024x738.jpg 1024w, http:\/\/www.javorszky.hu\/wordpress\/wp-content\/uploads\/2023\/07\/DSC06358-2-300x216.jpg 300w, http:\/\/www.javorszky.hu\/wordpress\/wp-content\/uploads\/2023\/07\/DSC06358-2-768x554.jpg 768w, http:\/\/www.javorszky.hu\/wordpress\/wp-content\/uploads\/2023\/07\/DSC06358-2-1536x1108.jpg 1536w, http:\/\/www.javorszky.hu\/wordpress\/wp-content\/uploads\/2023\/07\/DSC06358-2-2048x1477.jpg 2048w\" sizes=\"(max-width: 768px) 100vw, 768px\" \/><\/a><figcaption>Magyar Eg\u00e9szs\u00e9g\u00fcgyi Szakdolgoz\u00f3i Kamara \u00c9szak Pest V\u00e1rmegyei Szervezet\u00e9nek d\u00edj\u00e1t kapta:<br><strong><em>F\u00f6ldi N\u00f3ra<\/em><\/strong> \u2013 Pszichi\u00e1triai Oszt\u00e1ly f\u0151n\u0151v\u00e9re<\/figcaption><\/figure><\/div>","protected":false},"excerpt":{"rendered":"<p>A v\u00e1ci J\u00e1vorszky \u00d6d\u00f6n K\u00f3rh\u00e1z Semmelweis-nap \u00fcnneps\u00e9g\u00e9nek bevezet\u00e9sek\u00e9nt R\u00e9tv\u00e1ri Bence orsz\u00e1ggy\u0171l\u00e9si k\u00e9pvisel\u0151, a Bel\u00fcgyminiszt\u00e9rium \u00e1llamtitk\u00e1ra \u00fagy fogalmazott, hogy a betegek, gy\u00f3gyulni v\u00e1gy\u00f3k \u00e9s hozz\u00e1tartoz\u00f3ik h\u00e1l\u00e1val \u00e9s b\u00fcszkes\u00e9ggel gondolnak az eg\u00e9szs\u00e9g\u00fcgyben dolgoz\u00f3kra, szavai szerint az egyik legszebb hivat\u00e1s az \u00f6v\u00e9k, aminek teljes\u00edt\u00e9s\u00e9\u00e9rt nem lehet el\u00e9gg\u00e9 h\u00e1l\u00e1snak lenni nekik A politikus besz\u00e9d\u00e9ben kiemelte: m\u00e1r egy b\u0151 \u00e9vtizede [&hellip;]<\/p>\n","protected":false},"author":5,"featured_media":0,"comment_status":"closed","ping_status":"closed","sticky":false,"template":"","format":"standard","meta":[],"categories":[18,1,11,16],"tags":[],"_links":{"self":[{"href":"http:\/\/www.javorszky.hu\/wordpress\/index.php?rest_route=\/wp\/v2\/posts\/6065"}],"collection":[{"href":"http:\/\/www.javorszky.hu\/wordpress\/index.php?rest_route=\/wp\/v2\/posts"}],"about":[{"href":"http:\/\/www.javorszky.hu\/wordpress\/index.php?rest_route=\/wp\/v2\/types\/post"}],"author":[{"embeddable":true,"href":"http:\/\/www.javorszky.hu\/wordpress\/index.php?rest_route=\/wp\/v2\/users\/5"}],"replies":[{"embeddable":true,"href":"http:\/\/www.javorszky.hu\/wordpress\/index.php?rest_route=%2Fwp%2Fv2%2Fcomments&post=6065"}],"version-history":[{"count":3,"href":"http:\/\/www.javorszky.hu\/wordpress\/index.php?rest_route=\/wp\/v2\/posts\/6065\/revisions"}],"predecessor-version":[{"id":6089,"href":"http:\/\/www.javorszky.hu\/wordpress\/index.php?rest_route=\/wp\/v2\/posts\/6065\/revisions\/6089"}],"wp:attachment":[{"href":"http:\/\/www.javorszky.hu\/wordpress\/index.php?rest_route=%2Fwp%2Fv2%2Fmedia&parent=6065"}],"wp:term":[{"taxonomy":"category","embeddable":true,"href":"http:\/\/www.javorszky.hu\/wordpress\/index.php?rest_route=%2Fwp%2Fv2%2Fcategories&post=6065"},{"taxonomy":"post_tag","embeddable":true,"href":"http:\/\/www.javorszky.hu\/wordpress\/index.php?rest_route=%2Fwp%2Fv2%2Ftags&post=6065"}],"curies":[{"name":"wp","href":"https:\/\/api.w.org\/{rel}","templated":true}]}}