{"id":7131,"date":"2024-05-27T12:03:22","date_gmt":"2024-05-27T10:03:22","guid":{"rendered":"https:\/\/www.javorszky.hu\/wordpress\/?p=7131"},"modified":"2024-05-27T12:03:48","modified_gmt":"2024-05-27T10:03:48","slug":"gyermeknapi-adomany","status":"publish","type":"post","link":"http:\/\/www.javorszky.hu\/wordpress\/?p=7131","title":{"rendered":"Gyermeknapi Adom\u00e1ny"},"content":{"rendered":"\n<p style=\"line-height:1.1\">A nemzetk\u00f6zi gyermeknapot a vil\u00e1g sz\u00e1mos orsz\u00e1g\u00e1ban \u00fcnneplik, haz\u00e1nkban minden \u00e9v m\u00e1jus utols\u00f3 vas\u00e1rnapj\u00e1n rendezik meg a jeles napot. <\/p>\n\n\n\n<p style=\"line-height:1.1\">K\u00f3rh\u00e1zunk Gyermekszakrendel\u0151je, az Amigos Alap\u00edtv\u00e1ny j\u00f3volt\u00e1b\u00f3l aj\u00e1nd\u00e9kokkal kedveskedett a vizsg\u00e1latra \u00e9rkez\u0151 kis betegeknek. <\/p>\n\n\n\n<p style=\"line-height:1.1\"><strong><em>Dr. Ila Veronika<\/em><\/strong> a Gyermekoszt\u00e1ly oszt\u00e1lyvezet\u0151 f\u0151orvosa \u00e9s a rendel\u0151 asszisztensei meglepet\u00e9sk\u00e9nt adt\u00e1k \u00e1t az adom\u00e1nyokat.<\/p>\n\n\n\n<p style=\"line-height:1.1\">Az \u00f6nfeledt j\u00e1t\u00e9k, a sz\u00edvb\u0151l j\u00f6v\u0151 nevet\u00e9s a gy\u00f3gyul\u00e1shoz vezet\u0151 \u00fat elengedhetetlen <a><\/a>kell\u00e9kei.<\/p>\n\n\n\n<p class=\"has-text-align-center\" style=\"line-height:1.1\"><strong><mark style=\"background-color:rgba(0, 0, 0, 0)\" class=\"has-inline-color has-vivid-cyan-blue-color\">K\u00f6sz\u00f6nj\u00fck a felaj\u00e1nl\u00e1st!<\/mark><\/strong><\/p>\n\n\n<div class=\"wp-block-image\">\n<figure class=\"aligncenter size-large is-resized\"><a href=\"https:\/\/www.javorszky.hu\/wordpress\/wp-content\/uploads\/2024\/05\/2.png\"><img loading=\"lazy\" src=\"https:\/\/www.javorszky.hu\/wordpress\/wp-content\/uploads\/2024\/05\/2-1024x1024.png\" alt=\"\" class=\"wp-image-7132\" width=\"632\" height=\"632\" srcset=\"http:\/\/www.javorszky.hu\/wordpress\/wp-content\/uploads\/2024\/05\/2-1024x1024.png 1024w, http:\/\/www.javorszky.hu\/wordpress\/wp-content\/uploads\/2024\/05\/2-300x300.png 300w, http:\/\/www.javorszky.hu\/wordpress\/wp-content\/uploads\/2024\/05\/2-150x150.png 150w, http:\/\/www.javorszky.hu\/wordpress\/wp-content\/uploads\/2024\/05\/2-768x768.png 768w, http:\/\/www.javorszky.hu\/wordpress\/wp-content\/uploads\/2024\/05\/2.png 1080w\" sizes=\"(max-width: 632px) 100vw, 632px\" \/><\/a><\/figure><\/div>","protected":false},"excerpt":{"rendered":"<p>A nemzetk\u00f6zi gyermeknapot a vil\u00e1g sz\u00e1mos orsz\u00e1g\u00e1ban \u00fcnneplik, haz\u00e1nkban minden \u00e9v m\u00e1jus utols\u00f3 vas\u00e1rnapj\u00e1n rendezik meg a jeles napot. K\u00f3rh\u00e1zunk Gyermekszakrendel\u0151je, az Amigos Alap\u00edtv\u00e1ny j\u00f3volt\u00e1b\u00f3l aj\u00e1nd\u00e9kokkal kedveskedett a vizsg\u00e1latra \u00e9rkez\u0151 kis betegeknek. Dr. Ila Veronika a Gyermekoszt\u00e1ly oszt\u00e1lyvezet\u0151 f\u0151orvosa \u00e9s a rendel\u0151 asszisztensei meglepet\u00e9sk\u00e9nt adt\u00e1k \u00e1t az adom\u00e1nyokat. Az \u00f6nfeledt j\u00e1t\u00e9k, a sz\u00edvb\u0151l j\u00f6v\u0151 nevet\u00e9s [&hellip;]<\/p>\n","protected":false},"author":5,"featured_media":0,"comment_status":"closed","ping_status":"closed","sticky":false,"template":"","format":"standard","meta":[],"categories":[15],"tags":[],"_links":{"self":[{"href":"http:\/\/www.javorszky.hu\/wordpress\/index.php?rest_route=\/wp\/v2\/posts\/7131"}],"collection":[{"href":"http:\/\/www.javorszky.hu\/wordpress\/index.php?rest_route=\/wp\/v2\/posts"}],"about":[{"href":"http:\/\/www.javorszky.hu\/wordpress\/index.php?rest_route=\/wp\/v2\/types\/post"}],"author":[{"embeddable":true,"href":"http:\/\/www.javorszky.hu\/wordpress\/index.php?rest_route=\/wp\/v2\/users\/5"}],"replies":[{"embeddable":true,"href":"http:\/\/www.javorszky.hu\/wordpress\/index.php?rest_route=%2Fwp%2Fv2%2Fcomments&post=7131"}],"version-history":[{"count":1,"href":"http:\/\/www.javorszky.hu\/wordpress\/index.php?rest_route=\/wp\/v2\/posts\/7131\/revisions"}],"predecessor-version":[{"id":7133,"href":"http:\/\/www.javorszky.hu\/wordpress\/index.php?rest_route=\/wp\/v2\/posts\/7131\/revisions\/7133"}],"wp:attachment":[{"href":"http:\/\/www.javorszky.hu\/wordpress\/index.php?rest_route=%2Fwp%2Fv2%2Fmedia&parent=7131"}],"wp:term":[{"taxonomy":"category","embeddable":true,"href":"http:\/\/www.javorszky.hu\/wordpress\/index.php?rest_route=%2Fwp%2Fv2%2Fcategories&post=7131"},{"taxonomy":"post_tag","embeddable":true,"href":"http:\/\/www.javorszky.hu\/wordpress\/index.php?rest_route=%2Fwp%2Fv2%2Ftags&post=7131"}],"curies":[{"name":"wp","href":"https:\/\/api.w.org\/{rel}","templated":true}]}}