{"id":8388,"date":"2025-03-26T08:48:43","date_gmt":"2025-03-26T07:48:43","guid":{"rendered":"https:\/\/www.javorszky.hu\/wordpress\/?p=8388"},"modified":"2025-03-26T11:00:33","modified_gmt":"2025-03-26T10:00:33","slug":"kotelezo-szajmaszk-hasznalat-eltorlese","status":"publish","type":"post","link":"http:\/\/www.javorszky.hu\/wordpress\/?p=8388","title":{"rendered":"K\u00f6telez\u0151 sz\u00e1jmaszk haszn\u00e1lat elt\u00f6rl\u00e9se!"},"content":{"rendered":"\n<p><strong>Tisztelt Betegeink!<\/strong><\/p>\n\n\n\n<p>A V\u00e1ci J\u00e1vorszky \u00d6d\u00f6n K\u00f3rh\u00e1zban \u00e9s Szakrendel\u0151ben a k\u00f6telez\u0151 <strong>sz\u00e1jmaszk visel\u00e9se 2025.03.26.-t\u00f3l megsz\u0171nik!<\/strong><\/p>\n\n\n\n<p><strong>L\u00e1togat\u00e1si tilalom int\u00e9zked\u00e9s visszavon\u00e1sra ker\u00fclt!<\/strong><\/p>\n\n\n\n<p><img loading=\"lazy\" height=\"16\" width=\"16\" alt=\"\ud83d\udc99\" src=\"https:\/\/static.xx.fbcdn.net\/images\/emoji.php\/v9\/t6c\/1\/16\/1f499.png\">Tov\u00e1bbra is k\u00e9rj\u00fck, hogy amennyiben l\u00e9g\u00fati t\u00fcnetei vannak ,saj\u00e1t \u00e9s m\u00e1sok eg\u00e9szs\u00e9g\u00e9nek v\u00e9delm\u00e9ben viseljen maszkot \u00e9s haszn\u00e1lja a kihelyezett k\u00e9zfert\u0151tlen\u00edt\u0151ket.<img loading=\"lazy\" height=\"16\" width=\"16\" alt=\"\ud83e\uddf4\" src=\"https:\/\/static.xx.fbcdn.net\/images\/emoji.php\/v9\/t1f\/1\/16\/1f9f4.png\"><\/p>\n\n\n\n<p>Eddigi egy\u00fcttm\u0171k\u00f6d\u00e9s\u00fcket \u00e9s meg\u00e9rt\u00e9s\u00fcket K\u00d6SZ\u00d6NJ\u00dcK!<\/p>\n\n\n\n<p>Vigy\u00e1zzunk egym\u00e1sra!<\/p>\n\n\n<div class=\"wp-block-image\">\n<figure class=\"aligncenter size-large is-resized\"><a href=\"https:\/\/www.javorszky.hu\/wordpress\/wp-content\/uploads\/2025\/03\/maszk-jo.png\"><img loading=\"lazy\" src=\"https:\/\/www.javorszky.hu\/wordpress\/wp-content\/uploads\/2025\/03\/maszk-jo-1024x1024.png\" alt=\"\" class=\"wp-image-8394\" width=\"669\" height=\"669\" srcset=\"http:\/\/www.javorszky.hu\/wordpress\/wp-content\/uploads\/2025\/03\/maszk-jo-1024x1024.png 1024w, http:\/\/www.javorszky.hu\/wordpress\/wp-content\/uploads\/2025\/03\/maszk-jo-300x300.png 300w, http:\/\/www.javorszky.hu\/wordpress\/wp-content\/uploads\/2025\/03\/maszk-jo-150x150.png 150w, http:\/\/www.javorszky.hu\/wordpress\/wp-content\/uploads\/2025\/03\/maszk-jo-768x768.png 768w, http:\/\/www.javorszky.hu\/wordpress\/wp-content\/uploads\/2025\/03\/maszk-jo-1536x1536.png 1536w, http:\/\/www.javorszky.hu\/wordpress\/wp-content\/uploads\/2025\/03\/maszk-jo-2048x2048.png 2048w\" sizes=\"(max-width: 669px) 100vw, 669px\" \/><\/a><\/figure><\/div>","protected":false},"excerpt":{"rendered":"<p>Tisztelt Betegeink! A V\u00e1ci J\u00e1vorszky \u00d6d\u00f6n K\u00f3rh\u00e1zban \u00e9s Szakrendel\u0151ben a k\u00f6telez\u0151 sz\u00e1jmaszk visel\u00e9se 2025.03.26.-t\u00f3l megsz\u0171nik! L\u00e1togat\u00e1si tilalom int\u00e9zked\u00e9s visszavon\u00e1sra ker\u00fclt! Tov\u00e1bbra is k\u00e9rj\u00fck, hogy amennyiben l\u00e9g\u00fati t\u00fcnetei vannak ,saj\u00e1t \u00e9s m\u00e1sok eg\u00e9szs\u00e9g\u00e9nek v\u00e9delm\u00e9ben viseljen maszkot \u00e9s haszn\u00e1lja a kihelyezett k\u00e9zfert\u0151tlen\u00edt\u0151ket. Eddigi egy\u00fcttm\u0171k\u00f6d\u00e9s\u00fcket \u00e9s meg\u00e9rt\u00e9s\u00fcket K\u00d6SZ\u00d6NJ\u00dcK! Vigy\u00e1zzunk egym\u00e1sra!<\/p>\n","protected":false},"author":5,"featured_media":0,"comment_status":"open","ping_status":"open","sticky":false,"template":"","format":"standard","meta":[],"categories":[20],"tags":[],"_links":{"self":[{"href":"http:\/\/www.javorszky.hu\/wordpress\/index.php?rest_route=\/wp\/v2\/posts\/8388"}],"collection":[{"href":"http:\/\/www.javorszky.hu\/wordpress\/index.php?rest_route=\/wp\/v2\/posts"}],"about":[{"href":"http:\/\/www.javorszky.hu\/wordpress\/index.php?rest_route=\/wp\/v2\/types\/post"}],"author":[{"embeddable":true,"href":"http:\/\/www.javorszky.hu\/wordpress\/index.php?rest_route=\/wp\/v2\/users\/5"}],"replies":[{"embeddable":true,"href":"http:\/\/www.javorszky.hu\/wordpress\/index.php?rest_route=%2Fwp%2Fv2%2Fcomments&post=8388"}],"version-history":[{"count":4,"href":"http:\/\/www.javorszky.hu\/wordpress\/index.php?rest_route=\/wp\/v2\/posts\/8388\/revisions"}],"predecessor-version":[{"id":8395,"href":"http:\/\/www.javorszky.hu\/wordpress\/index.php?rest_route=\/wp\/v2\/posts\/8388\/revisions\/8395"}],"wp:attachment":[{"href":"http:\/\/www.javorszky.hu\/wordpress\/index.php?rest_route=%2Fwp%2Fv2%2Fmedia&parent=8388"}],"wp:term":[{"taxonomy":"category","embeddable":true,"href":"http:\/\/www.javorszky.hu\/wordpress\/index.php?rest_route=%2Fwp%2Fv2%2Fcategories&post=8388"},{"taxonomy":"post_tag","embeddable":true,"href":"http:\/\/www.javorszky.hu\/wordpress\/index.php?rest_route=%2Fwp%2Fv2%2Ftags&post=8388"}],"curies":[{"name":"wp","href":"https:\/\/api.w.org\/{rel}","templated":true}]}}