{"id":923,"date":"2016-01-15T09:18:17","date_gmt":"2016-01-15T08:18:17","guid":{"rendered":"http:\/\/www.javorszky.hu\/wordpress\/?p=923"},"modified":"2016-10-03T14:06:52","modified_gmt":"2016-10-03T12:06:52","slug":"mellkozpont-es-a-tudogondozo-intezet-fejlesztese-2","status":"publish","type":"post","link":"http:\/\/www.javorszky.hu\/wordpress\/?p=923","title":{"rendered":"Mellk\u00f6zpont \u00e9s a T\u00fcd\u0151gondoz\u00f3 Int\u00e9zet fejleszt\u00e9se"},"content":{"rendered":"<p><a href=\"http:\/\/www.javorszky.hu\/wordpress\/wp-content\/uploads\/2015\/10\/infoblokk_kedv_final_felso_cmyk_KA.jpg\"><img loading=\"lazy\" class=\"wp-image-901 alignright\" src=\"http:\/\/www.javorszky.hu\/wordpress\/wp-content\/uploads\/2015\/10\/infoblokk_kedv_final_felso_cmyk_KA.jpg\" alt=\"infoblokk_kedv_final_felso_cmyk_KA\" width=\"284\" height=\"196\" srcset=\"http:\/\/www.javorszky.hu\/wordpress\/wp-content\/uploads\/2015\/10\/infoblokk_kedv_final_felso_cmyk_KA.jpg 1453w, http:\/\/www.javorszky.hu\/wordpress\/wp-content\/uploads\/2015\/10\/infoblokk_kedv_final_felso_cmyk_KA-300x207.jpg 300w, http:\/\/www.javorszky.hu\/wordpress\/wp-content\/uploads\/2015\/10\/infoblokk_kedv_final_felso_cmyk_KA-1024x707.jpg 1024w\" sizes=\"(max-width: 284px) 100vw, 284px\" \/><\/a><\/p>\n<p><strong>Korszer\u0171 digit\u00e1lis g\u00e9peket kapott a Mellk\u00f6zpont \u00e9s a T\u00fcd\u0151gondoz\u00f3 Int\u00e9zet<\/strong><\/p>\n<p>&nbsp;<\/p>\n<p>Sikeresen lez\u00e1rult az eg\u00e9szs\u00e9g\u00fcgyi eszk\u00f6z\u00f6k energiamegtakar\u00edt\u00e1s\u00e1t c\u00e9lz\u00f3 Eur\u00f3pai Uni\u00f3s projekt. Az \u201eEszk\u00f6zfejleszt\u00e9s a J\u00e1vorszky \u00d6d\u00f6n k\u00f3rh\u00e1zban\u201d c\u00edm\u0171, tavaly ny\u00e1ron ki\u00edrt p\u00e1ly\u00e1zat megval\u00f3s\u00edt\u00e1s\u00e1t az Eur\u00f3pai Uni\u00f3 <strong><em>458 milli\u00f3 forintos t\u00e1mogat\u00e1ssal seg\u00edtette<\/em><\/strong>.<\/p>\n<p>&nbsp;<\/p>\n<p>A projekt keretein bel\u00fcl, t\u00f6bbek k\u00f6z\u00f6tt <strong><em>k\u00e9t darab digit\u00e1lis mammogr\u00e1f<\/em><\/strong> k\u00e9sz\u00fcl\u00e9ket v\u00e1s\u00e1rolt az int\u00e9zm\u00e9ny, amelyek a g\u00e9ppark meg\u00fajul\u00e1s\u00e1n t\u00fal, nagyon komoly szakmai el\u0151rel\u00e9p\u00e9st is jelent.<\/p>\n<p>A V\u00e1ci Mellk\u00f6zpont 2001 \u00f3ta m\u0171k\u00f6d\u0151, az els\u0151k k\u00f6z\u00f6tt alakult n\u00e9peg\u00e9szs\u00e9g\u00fcgyi sz\u0171r\u0151\u00e1llom\u00e1s. Az elm\u00falt 14 \u00e9vben kb. 160 ezer komplex eml\u0151vizsg\u00e1latot v\u00e9gzett, t\u00f6bb mint 1000 eml\u0151r\u00e1kot \u00e9s daganatkezdem\u00e9nyt diagnosztiz\u00e1lt.<br \/>\nA k\u00e9t \u00faj digit\u00e1lis mammogr\u00e1f k\u00e9sz\u00fcl\u00e9k \u00fczembe-helyez\u00e9s\u00e9vel, <strong><em>cs\u00f6kken a vizsg\u00e1latok sug\u00e1rd\u00f3zisa<\/em><\/strong>, <strong><em>javul a k\u00e9pek kontrasztfelbont\u00e1sa<\/em><\/strong>, <strong><em>a s\u0171r\u0171 eml\u0151k \u00e1tvizsg\u00e1lhat\u00f3s\u00e1ga<\/em><\/strong>, <strong><em>egyszer\u0171bb \u00e9s biztons\u00e1gosabb a k\u00e9parchiv\u00e1l\u00e1s<\/em><\/strong>. K\u00fcl\u00f6nlegess\u00e9g, hogy V\u00e1con ker\u00fcl \u00fczembe az orsz\u00e1g negyedik tomoszint\u00e9zises mammogr\u00e1fja, azaz az eml\u0151kr\u0151l <strong><em>a hagyom\u00e1nyos mellett v\u00e9kony r\u00e9tegfelv\u00e9telek is k\u00e9sz\u00fclnek<\/em><\/strong>. Ez <strong><em>az eml\u0151daganatok felfedez\u00e9si ar\u00e1ny\u00e1t jelent\u0151sen megn\u00f6vel\u0151, forradalmian \u00faj<\/em><\/strong><strong><em>, <\/em><\/strong>a fejlett orsz\u00e1gokban is csak a k\u00f6zelm\u00faltban bevezetett <strong><em>m\u00f3dszer<\/em><\/strong>, nem j\u00e1r plusz teherrel a h\u00f6lgyek sz\u00e1m\u00e1ra. V\u00e1con az eml\u0151diagnosztik\u00e1t 14 \u00e9ve \u00e1lland\u00f3, rendk\u00edv\u00fcl j\u00f3l k\u00e9pzett orvos- \u00e9s asszisztens csapat v\u00e9gzi, <strong><em>minden radiol\u00f3gus Eml\u0151 Licencvizsg\u00e1val rendelkezik<\/em><\/strong>. A k\u00f6zpont vezet\u0151je dr. Forrai G\u00e1bor, jelenleg az Eur\u00f3pai Eml\u0151diagnosztikai T\u00e1rsas\u00e1g eln\u00f6ke.<\/p>\n<p>&nbsp;<\/p>\n<p>A projekt keretein bel\u00fcl tov\u00e1bb\u00e1 megval\u00f3sult <strong><em>egy db r\u00f6ntgenfelv\u00e9teli \u00e9s egy db t\u00fcd\u0151sz\u0171r\u0151<\/em><\/strong> (erny\u0151k\u00e9psz\u0171r\u0151) <strong>k\u00e9sz\u00fcl\u00e9k \u00fczembe helyez\u00e9se<\/strong> <strong>is a T\u00fcd\u0151gondoz\u00f3 Int\u00e9zet \u00e9p\u00fclet\u00e9be.<\/strong><\/p>\n<p>&nbsp;<\/p>\n<p>A t\u00fcd\u0151gondoz\u00f3 2005 \u00f3ta m\u0171k\u00f6dik a k\u00f3rh\u00e1z ter\u00fclet\u00e9n. A pulmonol\u00f3giai szakrendel\u00e9sen, a t\u00fcd\u0151betegs\u00e9gek kivizsg\u00e1l\u00e1s\u00e1n \u00e9s a betegek gondoz\u00e1s\u00e1n t\u00fal, l\u00e9g\u00fati allergia vizsg\u00e1latot is v\u00e9geznek b\u0151rpr\u00f3b\u00e1val.<\/p>\n<p>A k\u00e9t nagy \u00e9rt\u00e9k\u0171 digit\u00e1lis eszk\u00f6z \u00fczembe helyez\u00e9se <strong><em>a r\u00e9gi, korszer\u0171tlen g\u00e9pek cser\u00e9j\u00e9n t\u00fal a betegel\u00e9gedetts\u00e9get is jelent\u0151sen jav\u00edtja,<\/em><\/strong> hiszen <strong><em>gyorsabb \u00e9s pontosabb eredm\u00e9nyt ad, kevesebb sug\u00e1rterhel\u00e9ssel.<\/em><\/strong><em> <strong>K\u00f6rnyezetk\u00edm\u00e9l\u0151bb<\/strong><\/em> is, \u00e9s mivel nem ig\u00e9nyel filmet \u00e9s el\u0151h\u00edv\u00f3 vegyszert, \u00edgy <strong><em>k\u00f6lts\u00e9ghat\u00e9konyabb<\/em><\/strong> is.<\/p>\n<p>A p\u00e1ly\u00e1zati \u00f6sszegb\u0151l <strong><em>k\u00e9t db seb\u00e9szeti k\u00e9per\u0151s\u00edt\u0151t<\/em><\/strong> is v\u00e1s\u00e1rolt az int\u00e9zm\u00e9ny a K\u00f6zponti m\u0171t\u0151be.<\/p>\n<p>&nbsp;<\/p>\n<p>&nbsp;<\/p>\n<p>&nbsp;<\/p>\n","protected":false},"excerpt":{"rendered":"<p>Korszer\u0171 digit\u00e1lis g\u00e9peket kapott a Mellk\u00f6zpont \u00e9s a T\u00fcd\u0151gondoz\u00f3 Int\u00e9zet &nbsp; Sikeresen lez\u00e1rult az eg\u00e9szs\u00e9g\u00fcgyi eszk\u00f6z\u00f6k energiamegtakar\u00edt\u00e1s\u00e1t c\u00e9lz\u00f3 Eur\u00f3pai Uni\u00f3s projekt. Az \u201eEszk\u00f6zfejleszt\u00e9s a J\u00e1vorszky \u00d6d\u00f6n k\u00f3rh\u00e1zban\u201d c\u00edm\u0171, tavaly ny\u00e1ron ki\u00edrt p\u00e1ly\u00e1zat megval\u00f3s\u00edt\u00e1s\u00e1t az Eur\u00f3pai Uni\u00f3 458 milli\u00f3 forintos t\u00e1mogat\u00e1ssal seg\u00edtette. &nbsp; A projekt keretein bel\u00fcl, t\u00f6bbek k\u00f6z\u00f6tt k\u00e9t darab digit\u00e1lis mammogr\u00e1f k\u00e9sz\u00fcl\u00e9ket v\u00e1s\u00e1rolt az [&hellip;]<\/p>\n","protected":false},"author":1,"featured_media":0,"comment_status":"closed","ping_status":"closed","sticky":false,"template":"","format":"standard","meta":[],"categories":[1],"tags":[],"_links":{"self":[{"href":"http:\/\/www.javorszky.hu\/wordpress\/index.php?rest_route=\/wp\/v2\/posts\/923"}],"collection":[{"href":"http:\/\/www.javorszky.hu\/wordpress\/index.php?rest_route=\/wp\/v2\/posts"}],"about":[{"href":"http:\/\/www.javorszky.hu\/wordpress\/index.php?rest_route=\/wp\/v2\/types\/post"}],"author":[{"embeddable":true,"href":"http:\/\/www.javorszky.hu\/wordpress\/index.php?rest_route=\/wp\/v2\/users\/1"}],"replies":[{"embeddable":true,"href":"http:\/\/www.javorszky.hu\/wordpress\/index.php?rest_route=%2Fwp%2Fv2%2Fcomments&post=923"}],"version-history":[{"count":2,"href":"http:\/\/www.javorszky.hu\/wordpress\/index.php?rest_route=\/wp\/v2\/posts\/923\/revisions"}],"predecessor-version":[{"id":925,"href":"http:\/\/www.javorszky.hu\/wordpress\/index.php?rest_route=\/wp\/v2\/posts\/923\/revisions\/925"}],"wp:attachment":[{"href":"http:\/\/www.javorszky.hu\/wordpress\/index.php?rest_route=%2Fwp%2Fv2%2Fmedia&parent=923"}],"wp:term":[{"taxonomy":"category","embeddable":true,"href":"http:\/\/www.javorszky.hu\/wordpress\/index.php?rest_route=%2Fwp%2Fv2%2Fcategories&post=923"},{"taxonomy":"post_tag","embeddable":true,"href":"http:\/\/www.javorszky.hu\/wordpress\/index.php?rest_route=%2Fwp%2Fv2%2Ftags&post=923"}],"curies":[{"name":"wp","href":"https:\/\/api.w.org\/{rel}","templated":true}]}}